{"id":28629,"date":"2020-12-17T11:08:43","date_gmt":"2020-12-17T11:08:43","guid":{"rendered":"https:\/\/tuavaluo.com\/avaluo\/2020\/12\/17\/puigdemont-critica-la-represion-de-espana-ante-un-parlamento-europeo-vacio\/"},"modified":"2020-12-17T11:08:43","modified_gmt":"2020-12-17T11:08:43","slug":"puigdemont-critica-la-represion-de-espana-ante-un-parlamento-europeo-vacio","status":"publish","type":"post","link":"https:\/\/tuavaluo.com\/avaluo\/2020\/12\/17\/puigdemont-critica-la-represion-de-espana-ante-un-parlamento-europeo-vacio\/","title":{"rendered":"Puigdemont critica la represi\u00f3n de Espa\u00f1a ante un Parlamento Europeo vac\u00edo"},"content":{"rendered":"<p>El expresidente de la Generalitat, fugado de la justicia, afirm\u00f3 que mientras la Uni\u00f3n Europea \u00ab<strong>calla, en referencia a estos abusos, su voz no puede tener la fuerza que tendr\u00eda que tener<\/strong>\u00ab. Dichas palabras fueron escuchadas por apenas unos pocos europarlamentarios, entre los que se encontraba Josep Borrell, actual Alto Representante de Pol\u00edtica Exterior de la Uni\u00f3n Europea.<\/p>\n<p>El discurso, englobado en el contexto del 25 aniversario del comienzo del &#8216;Proc\u00e8s&#8217;, mostr\u00f3 la incapacidad de convertirse en un tema de inter\u00e9s, al hablar ante un rid\u00edculo n\u00famero de personas. En esta l\u00ednea, los \u00faltimos mon\u00f3logos del expresidente ya hab\u00edan sido cubiertos por los m\u00ednimos medios, dando a entender la <strong>escasa importancia del tema en el marco europeo<\/strong>.<\/p>\n<p>&#013;<br \/>\nSource: Bolsamania.com<\/p>\n","protected":false},"excerpt":{"rendered":"<p>El expresidente de la Generalitat, fugado de la justicia, afirm\u00f3 que mientras la Uni\u00f3n Europea \u00abcalla, en referencia a estos&#8230;<\/p>\n","protected":false},"author":3,"featured_media":0,"comment_status":"open","ping_status":"closed","sticky":false,"template":"","format":"standard","meta":[],"categories":[104],"tags":[99],"_links":{"self":[{"href":"https:\/\/tuavaluo.com\/avaluo\/wp-json\/wp\/v2\/posts\/28629"}],"collection":[{"href":"https:\/\/tuavaluo.com\/avaluo\/wp-json\/wp\/v2\/posts"}],"about":[{"href":"https:\/\/tuavaluo.com\/avaluo\/wp-json\/wp\/v2\/types\/post"}],"author":[{"embeddable":true,"href":"https:\/\/tuavaluo.com\/avaluo\/wp-json\/wp\/v2\/users\/3"}],"replies":[{"embeddable":true,"href":"https:\/\/tuavaluo.com\/avaluo\/wp-json\/wp\/v2\/comments?post=28629"}],"version-history":[{"count":0,"href":"https:\/\/tuavaluo.com\/avaluo\/wp-json\/wp\/v2\/posts\/28629\/revisions"}],"wp:attachment":[{"href":"https:\/\/tuavaluo.com\/avaluo\/wp-json\/wp\/v2\/media?parent=28629"}],"wp:term":[{"taxonomy":"category","embeddable":true,"href":"https:\/\/tuavaluo.com\/avaluo\/wp-json\/wp\/v2\/categories?post=28629"},{"taxonomy":"post_tag","embeddable":true,"href":"https:\/\/tuavaluo.com\/avaluo\/wp-json\/wp\/v2\/tags?post=28629"}],"curies":[{"name":"wp","href":"https:\/\/api.w.org\/{rel}","templated":true}]}}