{"id":28716,"date":"2020-12-18T19:06:55","date_gmt":"2020-12-18T19:06:55","guid":{"rendered":"https:\/\/tuavaluo.com\/avaluo\/2020\/12\/18\/sabadell-abre-el-periodo-de-adhesion-a-las-bajas-incentivadas-para-su-reestructuracion\/"},"modified":"2020-12-18T19:06:55","modified_gmt":"2020-12-18T19:06:55","slug":"sabadell-abre-el-periodo-de-adhesion-a-las-bajas-incentivadas-para-su-reestructuracion","status":"publish","type":"post","link":"https:\/\/tuavaluo.com\/avaluo\/2020\/12\/18\/sabadell-abre-el-periodo-de-adhesion-a-las-bajas-incentivadas-para-su-reestructuracion\/","title":{"rendered":"Sabadell abre el periodo de adhesi\u00f3n a las bajas incentivadas para su reestructuraci\u00f3n"},"content":{"rendered":"<p>Hace un poco m\u00e1s de una semana, <strong>Sabadell recibi\u00f3 una gran cantidad de peticiones de prejubilaciones<\/strong> y jubilaciones anticipadas a su plan de desvinculaci\u00f3n, en concreto, <strong>1.600 peticiones desde que se inici\u00f3 el plazo.<\/strong> Esto supone que el banco amortizar\u00e1 el 89% de las 1.800 plazas que tienen previstas.<\/p>\n<p>Debido a que no se han cubierto todas las plazas del plan de prejubilaciones, la entidad ha abierto este viernes el tiempo de adhesi\u00f3n para el plan de bajas incentivadas. A pesar de ello, <strong>el cupo de bajas es residual, ya que el plan se encuentra pr\u00e1cticamente cubierto.<\/strong><\/p>\n<p>El <strong>pr\u00f3ximo mi\u00e9rcoles 23 de diciembre se cumple el plazo para presentar dichas solicitudes<\/strong>. En caso de que se dieran m\u00e1s solicitudes de las m\u00e1ximas posibles, el banco priorizar\u00e1 a las prejubilaciones y a las jubilaciones anticipadas.<\/p>\n<p>En el caso de las bajas incentivadas, <strong>la indemnizaci\u00f3n acordada entre Banco Sabadell y los sindicatos llega a los 35 d\u00edas por a\u00f1o trabajado con un m\u00e1ximo de dos anualidades<\/strong>. Esta baja s\u00f3lo afectar\u00eda a personal que realiza funciones administrativas en la red de oficinas, a los nacidos en el a\u00f1o 1965 o posteriores y a la direcci\u00f3n de servicing y BSOS.<\/p>\n<\/p>\n<p>&#013;<br \/>\nSource: Bolsamania.com<\/p>\n","protected":false},"excerpt":{"rendered":"<p>Hace un poco m\u00e1s de una semana, Sabadell recibi\u00f3 una gran cantidad de peticiones de prejubilaciones y jubilaciones anticipadas a&#8230;<\/p>\n","protected":false},"author":3,"featured_media":0,"comment_status":"open","ping_status":"closed","sticky":false,"template":"","format":"standard","meta":[],"categories":[104],"tags":[99],"_links":{"self":[{"href":"https:\/\/tuavaluo.com\/avaluo\/wp-json\/wp\/v2\/posts\/28716"}],"collection":[{"href":"https:\/\/tuavaluo.com\/avaluo\/wp-json\/wp\/v2\/posts"}],"about":[{"href":"https:\/\/tuavaluo.com\/avaluo\/wp-json\/wp\/v2\/types\/post"}],"author":[{"embeddable":true,"href":"https:\/\/tuavaluo.com\/avaluo\/wp-json\/wp\/v2\/users\/3"}],"replies":[{"embeddable":true,"href":"https:\/\/tuavaluo.com\/avaluo\/wp-json\/wp\/v2\/comments?post=28716"}],"version-history":[{"count":0,"href":"https:\/\/tuavaluo.com\/avaluo\/wp-json\/wp\/v2\/posts\/28716\/revisions"}],"wp:attachment":[{"href":"https:\/\/tuavaluo.com\/avaluo\/wp-json\/wp\/v2\/media?parent=28716"}],"wp:term":[{"taxonomy":"category","embeddable":true,"href":"https:\/\/tuavaluo.com\/avaluo\/wp-json\/wp\/v2\/categories?post=28716"},{"taxonomy":"post_tag","embeddable":true,"href":"https:\/\/tuavaluo.com\/avaluo\/wp-json\/wp\/v2\/tags?post=28716"}],"curies":[{"name":"wp","href":"https:\/\/api.w.org\/{rel}","templated":true}]}}