{"id":28847,"date":"2020-12-22T13:26:17","date_gmt":"2020-12-22T13:26:17","guid":{"rendered":"https:\/\/tuavaluo.com\/avaluo\/2020\/12\/22\/los-accionistas-minoritarios-se-hacen-con-el-control-de-abengoa\/"},"modified":"2020-12-22T13:26:17","modified_gmt":"2020-12-22T13:26:17","slug":"los-accionistas-minoritarios-se-hacen-con-el-control-de-abengoa","status":"publish","type":"post","link":"https:\/\/tuavaluo.com\/avaluo\/2020\/12\/22\/los-accionistas-minoritarios-se-hacen-con-el-control-de-abengoa\/","title":{"rendered":"Los accionistas minoritarios se hacen con el control de Abengoa"},"content":{"rendered":"<p>De esta manera, el nuevo \u00f3rgano de gobierno de la compa\u00f1\u00eda queda integrado por Margarida Smith, Jordi Sarr\u00edas y Juan Pablo L\u00f3pez-Bravo, frente a Francisco Prada Gayoso, Joaqu\u00edn Garc\u00eda-Romanillos Valverde y Alejandro S\u00e1nchez-Pedre\u00f1o Kennaird, propuestos por Urquijo.<\/p>\n<p>El resultado de la votaci\u00f3n, seg\u00fan las fuentes consultadas, refleja que <strong>dos tercios del capital<\/strong> representado en la Junta General han dado el visto bueno a la terna de los accionistas minoritarios. El capital presente en la Junta General ha sido el 26,3% del capital con derecho a voto. A partir de ahora, una vez que el nuevo consejo de administraci\u00f3n se constituya, la previsi\u00f3n o la hipot\u00e9tica hoja de ruta acordada es que uno de los tres integrantes dimita para <strong>dar entrada a Clemente Fern\u00e1ndez como presidente de Abengoa<\/strong>, aunque este proceso a\u00fan no ha fraguado.<\/p>\n<p>Los tres consejeros elegidos <strong>representan al 45% de la plataforma AbengoaShares<\/strong>, mientras que Clemente Fern\u00e1ndez, ex presidente de Amper, es el abanderado del 55% restante, quien rechazaron el acuerdo que Abengoa traslad\u00f3 a la Comisi\u00f3n Nacional del Mercado de Valores (CNMV) el 16 de este mes, que inclu\u00eda una representaci\u00f3n en el consejo de administraci\u00f3n de Abengoa y de Abenewco 1, as\u00ed como una compensaci\u00f3n econ\u00f3mica futura sobre una valoraci\u00f3n de esta \u00faltima participada de 270 millones de euros.<\/p>\n<p>A esa primera dimisi\u00f3n de un consejero de Abengoa podr\u00edan seguir la del resto de consejeros, aunque en cascada, no de golpe, con la idea de conformar un consejo de administraci\u00f3n en sinton\u00eda con Clemente Fern\u00e1ndez. A ese paso seguir\u00e1 la batalla por el control de Abengoa Abenewco 1, la sociedad participada al 100% por Abengoa como <strong>sociedad matriz<\/strong> y al frente de la cual permanece Gonzalo Urquijo como presidente.<\/p>\n<p>El control de Abengoa lleva aparejado el <strong>cuestionamiento del Plan de Reestructuraci\u00f3n de 2019<\/strong>, trazado por el consejo de administraci\u00f3n que presid\u00eda Gonzalo Urquijo con el acuerdo de los acreedores, entre los cuales desempe\u00f1a un papel preponderante Banco de Santander.<\/p>\n<p><strong>LA RUPTURA DE LOS MINORITARIOS<\/strong><\/p>\n<p>La divisi\u00f3n de los accionistas minoritarios, tenedora de 844.177,58 euros en acciones, el 2,35% del capital social de Abengoa, <strong>cifrado en 35.865.862 euros<\/strong>, se produjo despu\u00e9s de que la multinacional hubiera trasladado el mi\u00e9rcoles 16 a la CNMV el pacto alcanzado entre AbengoaShares, Abengoa y acreedores, un acuerdo que al margen de la representaci\u00f3n en el Consejo de Administraci\u00f3n de Abengoa y de la participada Abenewco 1, ofrec\u00eda a los accionistas ser part\u00edcipes del capital de Abenewco 1 mediante un instrumento que ha denominado PIV (Participaciones en el Incremento de Valor) de la sociedad participada, tasada en un capital de referencia de 270 millones de euros.<\/p>\n<p>Los accionistas minoritarios tendr\u00edan<strong> un 12% del crecimiento del valor<\/strong> de Abenewco 1 durante lo que ha denominado un Evento de Liquidez, que supondr\u00eda \u00abla adquisici\u00f3n de acciones por un inversor que pase a poseer m\u00e1s del 50% del capital mediante compraventa, un aumento de capital u otro t\u00edtulo de adquisici\u00f3n como modificaciones estructurales\u00bb o una segunda v\u00eda que ser\u00eda \u00abla consumaci\u00f3n de una oferta p\u00fablica de venta (IPO) en un mercado de valores en que se transmite un 25% o m\u00e1s de las acciones de Abengoa Abenewco 1\u00bb.<\/p>\n<p>&#013;<br \/>\nSource: Bolsamania.com<\/p>\n","protected":false},"excerpt":{"rendered":"<p>De esta manera, el nuevo \u00f3rgano de gobierno de la compa\u00f1\u00eda queda integrado por Margarida Smith, Jordi Sarr\u00edas y Juan&#8230;<\/p>\n","protected":false},"author":3,"featured_media":0,"comment_status":"open","ping_status":"closed","sticky":false,"template":"","format":"standard","meta":[],"categories":[104],"tags":[99],"_links":{"self":[{"href":"https:\/\/tuavaluo.com\/avaluo\/wp-json\/wp\/v2\/posts\/28847"}],"collection":[{"href":"https:\/\/tuavaluo.com\/avaluo\/wp-json\/wp\/v2\/posts"}],"about":[{"href":"https:\/\/tuavaluo.com\/avaluo\/wp-json\/wp\/v2\/types\/post"}],"author":[{"embeddable":true,"href":"https:\/\/tuavaluo.com\/avaluo\/wp-json\/wp\/v2\/users\/3"}],"replies":[{"embeddable":true,"href":"https:\/\/tuavaluo.com\/avaluo\/wp-json\/wp\/v2\/comments?post=28847"}],"version-history":[{"count":0,"href":"https:\/\/tuavaluo.com\/avaluo\/wp-json\/wp\/v2\/posts\/28847\/revisions"}],"wp:attachment":[{"href":"https:\/\/tuavaluo.com\/avaluo\/wp-json\/wp\/v2\/media?parent=28847"}],"wp:term":[{"taxonomy":"category","embeddable":true,"href":"https:\/\/tuavaluo.com\/avaluo\/wp-json\/wp\/v2\/categories?post=28847"},{"taxonomy":"post_tag","embeddable":true,"href":"https:\/\/tuavaluo.com\/avaluo\/wp-json\/wp\/v2\/tags?post=28847"}],"curies":[{"name":"wp","href":"https:\/\/api.w.org\/{rel}","templated":true}]}}