{"id":28856,"date":"2020-12-22T13:51:48","date_gmt":"2020-12-22T13:51:48","guid":{"rendered":"https:\/\/tuavaluo.com\/avaluo\/2020\/12\/22\/la-fiscalia-califica-de-injustificado-y-arbitrario-el-indulto-a-los-presos-del-proces\/"},"modified":"2020-12-22T13:51:48","modified_gmt":"2020-12-22T13:51:48","slug":"la-fiscalia-califica-de-injustificado-y-arbitrario-el-indulto-a-los-presos-del-proces","status":"publish","type":"post","link":"https:\/\/tuavaluo.com\/avaluo\/2020\/12\/22\/la-fiscalia-califica-de-injustificado-y-arbitrario-el-indulto-a-los-presos-del-proces\/","title":{"rendered":"La Fiscal\u00eda califica de &quot;injustificado y arbitrario&quot; el indulto a los presos del &#039;proc\u00e9s&#039;"},"content":{"rendered":"<p>Para la Fiscal\u00eda, condonar la pena de inhabilitaci\u00f3n, cuando la funci\u00f3n p\u00fablica ha sido el medio necesario para la comisi\u00f3n, ser\u00eda una decisi\u00f3n <strong>\u00abtan injustificada como arbitraria\u00bb<\/strong>. \u00abEl ejercicio de responsabilidades p\u00fablicas como miembros de un Gobierno auton\u00f3mico conlleva unos especiales deberes de respeto y sujeci\u00f3n a la Constituci\u00f3n y a las leyes, y unas especiales responsabilidades en el cumplimiento de las mismas, cuya aplicaci\u00f3n est\u00e1n obligados a garantizar ante la ciudadan\u00eda\u00bb, se\u00f1alan.<\/p>\n<p>Los escritos subrayan la <strong>gravedad de las conductas que provocaron las penas impuestas<\/strong> y defienden que no pueden considerarse injustas en atenci\u00f3n a la gravedad de los delitos. Para los fiscales, tampoco carece de falta de equidad, porque cumplen con el principio de proporcionalidad de las penas.<\/p>\n<p>Por \u00faltimo, sostienen que la utilidad p\u00fablica de esta iniciativa no es lo m\u00e1s recomendable cuando se ha pretendido la ruptura del marco b\u00e1sico regulador de la convivencia democr\u00e1tica.<\/p>\n<p>Hasta el momento, se han presentado los escritos de los fiscales Zaragoza, Madrigal, Cadenas y Moreno, quienes <strong>acusaron de rebeli\u00f3n durante el juicio del &#8216;proc\u00e9s&#8217;<\/strong> y que indican que los condenados no se han arrepentido, ni han aceptado que cometieron delito ni han aprobado su responsabilidad.<\/p>\n<p>&#013;<br \/>\nSource: Bolsamania.com<\/p>\n","protected":false},"excerpt":{"rendered":"<p>Para la Fiscal\u00eda, condonar la pena de inhabilitaci\u00f3n, cuando la funci\u00f3n p\u00fablica ha sido el medio necesario para la comisi\u00f3n,&#8230;<\/p>\n","protected":false},"author":3,"featured_media":0,"comment_status":"open","ping_status":"closed","sticky":false,"template":"","format":"standard","meta":[],"categories":[104],"tags":[99],"_links":{"self":[{"href":"https:\/\/tuavaluo.com\/avaluo\/wp-json\/wp\/v2\/posts\/28856"}],"collection":[{"href":"https:\/\/tuavaluo.com\/avaluo\/wp-json\/wp\/v2\/posts"}],"about":[{"href":"https:\/\/tuavaluo.com\/avaluo\/wp-json\/wp\/v2\/types\/post"}],"author":[{"embeddable":true,"href":"https:\/\/tuavaluo.com\/avaluo\/wp-json\/wp\/v2\/users\/3"}],"replies":[{"embeddable":true,"href":"https:\/\/tuavaluo.com\/avaluo\/wp-json\/wp\/v2\/comments?post=28856"}],"version-history":[{"count":0,"href":"https:\/\/tuavaluo.com\/avaluo\/wp-json\/wp\/v2\/posts\/28856\/revisions"}],"wp:attachment":[{"href":"https:\/\/tuavaluo.com\/avaluo\/wp-json\/wp\/v2\/media?parent=28856"}],"wp:term":[{"taxonomy":"category","embeddable":true,"href":"https:\/\/tuavaluo.com\/avaluo\/wp-json\/wp\/v2\/categories?post=28856"},{"taxonomy":"post_tag","embeddable":true,"href":"https:\/\/tuavaluo.com\/avaluo\/wp-json\/wp\/v2\/tags?post=28856"}],"curies":[{"name":"wp","href":"https:\/\/api.w.org\/{rel}","templated":true}]}}