{"id":29044,"date":"2020-12-28T17:20:16","date_gmt":"2020-12-28T17:20:16","guid":{"rendered":"https:\/\/tuavaluo.com\/avaluo\/2020\/12\/28\/los-minoritarios-de-abengoa-quieren-cesar-al-consejo-y-nombrar-a-fernandez-presidente\/"},"modified":"2020-12-28T17:20:16","modified_gmt":"2020-12-28T17:20:16","slug":"los-minoritarios-de-abengoa-quieren-cesar-al-consejo-y-nombrar-a-fernandez-presidente","status":"publish","type":"post","link":"https:\/\/tuavaluo.com\/avaluo\/2020\/12\/28\/los-minoritarios-de-abengoa-quieren-cesar-al-consejo-y-nombrar-a-fernandez-presidente\/","title":{"rendered":"Los minoritarios de Abengoa quieren cesar al consejo y nombrar a Fern\u00e1ndez presidente"},"content":{"rendered":"<p>Los accionistas minoritarios de la multinacional espa\u00f1ola, que se hab\u00edan divido en facciones, defienden que <strong>su intenci\u00f3n es conseguir \u201cuna nueva junta extraordinaria esta misma semana para cesar al actual consejo de Abengoa SA<\/strong> y nombrar a Clemente Fern\u00e1ndez Gonz\u00e1lez presidente de la empresa\u00bb.<\/p>\n<p>En este sentido, el porcentaje exigido para solicitar la convocatoria de la junta de accionistas es del 3%, los accionistas minoritarios <strong>ya tienen una representatividad del 10%.<\/strong><\/p>\n<p>Javier Carretero Espinosa de los Monteros, el juez encargado del auto del 29 de septiembre del Juzgado de lo Mercantil n\u00ba1 de Sevilla, reconoc\u00eda la legitimidad procesal de la plataforma como <strong>tenedora de 844.177,58 euros en acciones.<\/strong> Es decir, el 2,35% del capital social de Abengoa, cifrado en 35.865.862 euros.<\/p>\n<p>Los accionistas minoritarios han anunciado en un comunicado que van a proceder a <strong>\u00abla ratificaci\u00f3n de su estrategia original\u00bb del control de la sociedad matriz<\/strong> para acceder a la participada de Abengoa Abenewco 1, cuyo presidente ejecutivo es Gonzalo Urquijo.<\/p>\n<p>&#013;<br \/>\nSource: Bolsamania.com<\/p>\n","protected":false},"excerpt":{"rendered":"<p>Los accionistas minoritarios de la multinacional espa\u00f1ola, que se hab\u00edan divido en facciones, defienden que su intenci\u00f3n es conseguir \u201cuna&#8230;<\/p>\n","protected":false},"author":3,"featured_media":0,"comment_status":"open","ping_status":"closed","sticky":false,"template":"","format":"standard","meta":[],"categories":[104],"tags":[99],"_links":{"self":[{"href":"https:\/\/tuavaluo.com\/avaluo\/wp-json\/wp\/v2\/posts\/29044"}],"collection":[{"href":"https:\/\/tuavaluo.com\/avaluo\/wp-json\/wp\/v2\/posts"}],"about":[{"href":"https:\/\/tuavaluo.com\/avaluo\/wp-json\/wp\/v2\/types\/post"}],"author":[{"embeddable":true,"href":"https:\/\/tuavaluo.com\/avaluo\/wp-json\/wp\/v2\/users\/3"}],"replies":[{"embeddable":true,"href":"https:\/\/tuavaluo.com\/avaluo\/wp-json\/wp\/v2\/comments?post=29044"}],"version-history":[{"count":0,"href":"https:\/\/tuavaluo.com\/avaluo\/wp-json\/wp\/v2\/posts\/29044\/revisions"}],"wp:attachment":[{"href":"https:\/\/tuavaluo.com\/avaluo\/wp-json\/wp\/v2\/media?parent=29044"}],"wp:term":[{"taxonomy":"category","embeddable":true,"href":"https:\/\/tuavaluo.com\/avaluo\/wp-json\/wp\/v2\/categories?post=29044"},{"taxonomy":"post_tag","embeddable":true,"href":"https:\/\/tuavaluo.com\/avaluo\/wp-json\/wp\/v2\/tags?post=29044"}],"curies":[{"name":"wp","href":"https:\/\/api.w.org\/{rel}","templated":true}]}}