{"id":29087,"date":"2020-12-29T08:47:56","date_gmt":"2020-12-29T08:47:56","guid":{"rendered":"https:\/\/tuavaluo.com\/avaluo\/2020\/12\/29\/llegan-a-espana-las-mas-de-350-000-vacunas-de-pfizer-que-debieron-entregarse-este-lunes\/"},"modified":"2020-12-29T08:47:56","modified_gmt":"2020-12-29T08:47:56","slug":"llegan-a-espana-las-mas-de-350-000-vacunas-de-pfizer-que-debieron-entregarse-este-lunes","status":"publish","type":"post","link":"https:\/\/tuavaluo.com\/avaluo\/2020\/12\/29\/llegan-a-espana-las-mas-de-350-000-vacunas-de-pfizer-que-debieron-entregarse-este-lunes\/","title":{"rendered":"Llegan a Espa\u00f1a las m\u00e1s de 350.000 vacunas de Pfizer que debieron entregarse este lunes"},"content":{"rendered":"<div class=\"read-more-links\">\n<h5>Noticia relacionada<\/h5>\n<p><a class=\"readMore\" href=\"https:\/\/www.bolsamania.com\/noticias\/europa\/pfizer-retrasa-llegada-primer-lote-semanal-350000-vacunas--7761406.html\" rel=\"noopener noreferrer\" target=\"_blank\" data-id=\"7761406\" rel=\"nofollow\" ><\/p>\n<figure><img class=\"lazy\" title=\"Leer m&#xE1;s\" data-original=\"https:\/\/img6.s3wfg.com\/web\/img\/images_uploaded\/6\/1\/pfizer_vacuna_coronavirus_portada_285x185.jpg\" data-src=\"https:\/\/img6.s3wfg.com\/web\/img\/images_uploaded\/6\/1\/pfizer_vacuna_coronavirus_portada_285x185.jpg\" \/><\/figure>\n<p>Pfizer retrasa un d\u00eda la llegada a Espa\u00f1a del primer lote semanal de 350.000 vacunas <\/a><\/div>\n<p>As\u00ed, explicaban desde Moncloa que los env\u00edos previstos de la vacuna \u201cya han llegado o est\u00e1n a punto de hacerlo a los <strong>aeropuertos espa\u00f1oles de Madrid, Barcelona, Vitoria<\/strong>, en primer lugar, y despu\u00e9s a <strong>Valencia y Sevilla<\/strong>\u201d.<\/p>\n<p>Tras la llegada de los vuelos y el reparto para cada Comunidad Aut\u00f3noma, la vacuna se distribuir\u00e1 para que comience hoy mismo la <strong>vacunaci\u00f3n masiva en Espa\u00f1a<\/strong>, despu\u00e9s de que se inyectasen las primeras dosis el pasado domingo.<\/p>\n<p>Como ha recordado el Gobierno, y al igual que ocurri\u00f3 durante el fin de semana, el <strong>Ej\u00e9rcito<\/strong> se encargar\u00e1 de <strong>llevar las vacunas a Canarias, Baleares, Ceuta y Melilla.<\/strong><\/p>\n<p>El<strong> retraso en el reparto<\/strong> de la remesa de vacunas, como comunic\u00f3 la compa\u00f1\u00eda a \u00faltima hora del domingo al Ministerio de Sanidad, fue por un <strong>\u00abretraso de los env\u00edos\u00bb desde su f\u00e1brica de Puurs (B\u00e9lgica) a ocho pa\u00edses europeos,<\/strong> incluido Espa\u00f1a, \u00abdebido a un problema en el proceso de carga y env\u00edo\u00bb.<\/p>\n<\/p>\n<p>&#013;<br \/>\nSource: Bolsamania.com<\/p>\n","protected":false},"excerpt":{"rendered":"<p>Noticia relacionada Pfizer retrasa un d\u00eda la llegada a Espa\u00f1a del primer lote semanal de 350.000 vacunas As\u00ed, explicaban desde&#8230;<\/p>\n","protected":false},"author":3,"featured_media":29088,"comment_status":"open","ping_status":"closed","sticky":false,"template":"","format":"standard","meta":[],"categories":[104],"tags":[99],"_links":{"self":[{"href":"https:\/\/tuavaluo.com\/avaluo\/wp-json\/wp\/v2\/posts\/29087"}],"collection":[{"href":"https:\/\/tuavaluo.com\/avaluo\/wp-json\/wp\/v2\/posts"}],"about":[{"href":"https:\/\/tuavaluo.com\/avaluo\/wp-json\/wp\/v2\/types\/post"}],"author":[{"embeddable":true,"href":"https:\/\/tuavaluo.com\/avaluo\/wp-json\/wp\/v2\/users\/3"}],"replies":[{"embeddable":true,"href":"https:\/\/tuavaluo.com\/avaluo\/wp-json\/wp\/v2\/comments?post=29087"}],"version-history":[{"count":0,"href":"https:\/\/tuavaluo.com\/avaluo\/wp-json\/wp\/v2\/posts\/29087\/revisions"}],"wp:featuredmedia":[{"embeddable":true,"href":"https:\/\/tuavaluo.com\/avaluo\/wp-json\/wp\/v2\/media\/29088"}],"wp:attachment":[{"href":"https:\/\/tuavaluo.com\/avaluo\/wp-json\/wp\/v2\/media?parent=29087"}],"wp:term":[{"taxonomy":"category","embeddable":true,"href":"https:\/\/tuavaluo.com\/avaluo\/wp-json\/wp\/v2\/categories?post=29087"},{"taxonomy":"post_tag","embeddable":true,"href":"https:\/\/tuavaluo.com\/avaluo\/wp-json\/wp\/v2\/tags?post=29087"}],"curies":[{"name":"wp","href":"https:\/\/api.w.org\/{rel}","templated":true}]}}