{"id":29650,"date":"2021-01-12T10:19:48","date_gmt":"2021-01-12T10:19:48","guid":{"rendered":"https:\/\/tuavaluo.com\/avaluo\/2021\/01\/12\/el-gobierno-defiende-que-juan-carlos-i-mentendra-el-titulo-de-rey-vitaliciamente\/"},"modified":"2021-01-12T10:19:48","modified_gmt":"2021-01-12T10:19:48","slug":"el-gobierno-defiende-que-juan-carlos-i-mentendra-el-titulo-de-rey-vitaliciamente","status":"publish","type":"post","link":"https:\/\/tuavaluo.com\/avaluo\/2021\/01\/12\/el-gobierno-defiende-que-juan-carlos-i-mentendra-el-titulo-de-rey-vitaliciamente\/","title":{"rendered":"El Gobierno defiende que Juan Carlos I mentendr\u00e1 el t\u00edtulo de Rey &quot;vitaliciamente&quot;"},"content":{"rendered":"<div class=\"read-more-links\">\n<h5>Noticia relacionada<\/h5>\n<p><a class=\"readMore\" href=\"https:\/\/www.bolsamania.com\/noticias\/espana\/rey-emerito-83-anos-espana-incognita-regreso--7767722.html\" rel=\"noopener noreferrer\" target=\"_blank\" data-id=\"7767722\" rel=\"nofollow\" ><\/p>\n<figure><img class=\"lazy\" title=\"Leer m&#xE1;s\" data-original=\"https:\/\/img5.s3wfg.com\/web\/img\/images_uploaded\/1\/3\/ep_imagen_de_archivo_del_rey_emerito_285x185.jpg\" data-src=\"https:\/\/img5.s3wfg.com\/web\/img\/images_uploaded\/1\/3\/ep_imagen_de_archivo_del_rey_emerito_285x185.jpg\" \/><\/figure>\n<p>El rey em\u00e9rito cumple 83 a\u00f1os fuera de Espa\u00f1a y bajo la inc\u00f3gnita de su regreso <\/a><\/div>\n<p>As\u00ed ha respondido el Ejecutivo de Pedro S\u00e1nchez a una pregunta escrita formulada por el parlamentario de Comprom\u00eds, <strong>Carles Mulet,<\/strong> en el Senado.<\/p>\n<p>En este sentido, el senador valenciano pregunt\u00f3 al Gobierno si iba a modificar el decreto que nombra a Juan Carlos I como Rey con car\u00e1cter honor\u00edfico despu\u00e9s de su abdicaci\u00f3n, algo a lo que el Ejecutivo de S\u00e1nchez contest\u00f3 que <strong>Juan Carlos I mantendr\u00e1 de por vida este t\u00edtulo de Rey.<\/strong><\/p>\n<p>Esta respuesta surge en medio de la <strong>pol\u00e9mica p\u00fablica<\/strong> sobre algunas peticiones para que se le <strong>retire la condici\u00f3n de Rey a Juan Carlos I<\/strong> y el debate sobre una <strong>hipot\u00e9tica Ley de la Corona<\/strong> para delimitar las actividades de la Casa Real.<\/p>\n<p>En la respuesta parlamentaria, el Gobierno sostiene que esta situaci\u00f3n con el Rey Juan Carlos I se da <strong>de manera semejante,<\/strong> aunque \u00absin \u00e1nimo de exhaustividad\u00bb <strong>en otras monarqu\u00edas como la de B\u00e9lgica<\/strong>, con el rey Alberto II; <strong>Luxemburgo<\/strong>, con el Gran Duque Juan; o<strong> Jap\u00f3n<\/strong>, con el emperador Akihito, quien recibe el nombre de Daijo Tenno o Joko.<\/p>\n<p>&#013;<br \/>\nSource: Bolsamania.com<\/p>\n","protected":false},"excerpt":{"rendered":"<p>Noticia relacionada El rey em\u00e9rito cumple 83 a\u00f1os fuera de Espa\u00f1a y bajo la inc\u00f3gnita de su regreso As\u00ed ha&#8230;<\/p>\n","protected":false},"author":3,"featured_media":29651,"comment_status":"open","ping_status":"closed","sticky":false,"template":"","format":"standard","meta":[],"categories":[104],"tags":[99],"_links":{"self":[{"href":"https:\/\/tuavaluo.com\/avaluo\/wp-json\/wp\/v2\/posts\/29650"}],"collection":[{"href":"https:\/\/tuavaluo.com\/avaluo\/wp-json\/wp\/v2\/posts"}],"about":[{"href":"https:\/\/tuavaluo.com\/avaluo\/wp-json\/wp\/v2\/types\/post"}],"author":[{"embeddable":true,"href":"https:\/\/tuavaluo.com\/avaluo\/wp-json\/wp\/v2\/users\/3"}],"replies":[{"embeddable":true,"href":"https:\/\/tuavaluo.com\/avaluo\/wp-json\/wp\/v2\/comments?post=29650"}],"version-history":[{"count":0,"href":"https:\/\/tuavaluo.com\/avaluo\/wp-json\/wp\/v2\/posts\/29650\/revisions"}],"wp:featuredmedia":[{"embeddable":true,"href":"https:\/\/tuavaluo.com\/avaluo\/wp-json\/wp\/v2\/media\/29651"}],"wp:attachment":[{"href":"https:\/\/tuavaluo.com\/avaluo\/wp-json\/wp\/v2\/media?parent=29650"}],"wp:term":[{"taxonomy":"category","embeddable":true,"href":"https:\/\/tuavaluo.com\/avaluo\/wp-json\/wp\/v2\/categories?post=29650"},{"taxonomy":"post_tag","embeddable":true,"href":"https:\/\/tuavaluo.com\/avaluo\/wp-json\/wp\/v2\/tags?post=29650"}],"curies":[{"name":"wp","href":"https:\/\/api.w.org\/{rel}","templated":true}]}}