{"id":29811,"date":"2021-01-14T09:21:45","date_gmt":"2021-01-14T09:21:45","guid":{"rendered":"https:\/\/tuavaluo.com\/avaluo\/2021\/01\/14\/cataluna-ampliara-7-dias-el-confinamiento-municipal-y-cierre-de-comercios\/"},"modified":"2021-01-14T09:21:45","modified_gmt":"2021-01-14T09:21:45","slug":"cataluna-ampliara-7-dias-el-confinamiento-municipal-y-cierre-de-comercios","status":"publish","type":"post","link":"https:\/\/tuavaluo.com\/avaluo\/2021\/01\/14\/cataluna-ampliara-7-dias-el-confinamiento-municipal-y-cierre-de-comercios\/","title":{"rendered":"Catalu\u00f1a ampliar\u00e1 7 d\u00edas el confinamiento municipal y cierre de comercios"},"content":{"rendered":"<p>AMPLIANDO<\/p>\n<p>&#013;<br \/>\nSource: Bolsamania.com<\/p>\n","protected":false},"excerpt":{"rendered":"<p>AMPLIANDO &#013; Source: Bolsamania.com<\/p>\n","protected":false},"author":3,"featured_media":0,"comment_status":"open","ping_status":"closed","sticky":false,"template":"","format":"standard","meta":[],"categories":[104],"tags":[99],"_links":{"self":[{"href":"https:\/\/tuavaluo.com\/avaluo\/wp-json\/wp\/v2\/posts\/29811"}],"collection":[{"href":"https:\/\/tuavaluo.com\/avaluo\/wp-json\/wp\/v2\/posts"}],"about":[{"href":"https:\/\/tuavaluo.com\/avaluo\/wp-json\/wp\/v2\/types\/post"}],"author":[{"embeddable":true,"href":"https:\/\/tuavaluo.com\/avaluo\/wp-json\/wp\/v2\/users\/3"}],"replies":[{"embeddable":true,"href":"https:\/\/tuavaluo.com\/avaluo\/wp-json\/wp\/v2\/comments?post=29811"}],"version-history":[{"count":0,"href":"https:\/\/tuavaluo.com\/avaluo\/wp-json\/wp\/v2\/posts\/29811\/revisions"}],"wp:attachment":[{"href":"https:\/\/tuavaluo.com\/avaluo\/wp-json\/wp\/v2\/media?parent=29811"}],"wp:term":[{"taxonomy":"category","embeddable":true,"href":"https:\/\/tuavaluo.com\/avaluo\/wp-json\/wp\/v2\/categories?post=29811"},{"taxonomy":"post_tag","embeddable":true,"href":"https:\/\/tuavaluo.com\/avaluo\/wp-json\/wp\/v2\/tags?post=29811"}],"curies":[{"name":"wp","href":"https:\/\/api.w.org\/{rel}","templated":true}]}}