{"id":29862,"date":"2021-01-14T17:59:22","date_gmt":"2021-01-14T17:59:22","guid":{"rendered":"https:\/\/tuavaluo.com\/avaluo\/2021\/01\/14\/las-carceles-proponen-de-nuevo-el-tercer-grado-para-los-presos-del-proces\/"},"modified":"2021-01-14T17:59:22","modified_gmt":"2021-01-14T17:59:22","slug":"las-carceles-proponen-de-nuevo-el-tercer-grado-para-los-presos-del-proces","status":"publish","type":"post","link":"https:\/\/tuavaluo.com\/avaluo\/2021\/01\/14\/las-carceles-proponen-de-nuevo-el-tercer-grado-para-los-presos-del-proces\/","title":{"rendered":"Las c\u00e1rceles proponen de nuevo el tercer grado para &quot;los presos del proc\u00e9s&quot;"},"content":{"rendered":"<p>Las juntas de las prisiones de Lledoners, Wad-ras y Puig de les Basses han abogado porque los presos vuelvan al regimen de salir en libertad durante el d\u00eda y los fines de semana y regresen solo a dormir. <strong>\u00abLa c\u00e1rcel no es un lugar para el castigo ni para la venganza, es un lugar para la rehabilitaci\u00f3n.<\/strong> Se piense como se piense\u00bb, afirmado el secretario, Amand Calder\u00f3.<\/p>\n<p>El dictamen elaborado por los funcionarios de presiones tendr\u00e1 que ser ratificado en un m\u00e1ximo de dos meses por el departament de Just\u00edcia, actualmente en manos de ERC, lo <strong>podr\u00eda hacer que los presos puedan salir en libertad durante el d\u00eda y aparecer en la campa\u00f1a electoral<\/strong>, si los comicios planteados para el 14F se mantienen.<\/p>\n<p>La decisi\u00f3n anunciada hoy, contradice la resoluci\u00f3n dictada por la sala segunda del Tribunal Supremo que ya consider\u00f3 \u00abprematura\u00bb la adjudicaci\u00f3n del tercer grado a los presos, ya que la mayor\u00eda a\u00fan no han cumpido la cuarta parte de la condena. Pero dicha condici\u00f3n la cumplir\u00e1n enel mes de febrero todos los condenados del proc\u00e9s,\u00bbhay un mayor periodo de observaci\u00f3n, han pasado seis meses y por esto se puede fundamentar el hecho de que no sea prematuro la concesi\u00f3n del tercer grado\u00bb, justifica Calder\u00f3.<\/p>\n<p>&#013;<br \/>\nSource: Bolsamania.com<\/p>\n","protected":false},"excerpt":{"rendered":"<p>Las juntas de las prisiones de Lledoners, Wad-ras y Puig de les Basses han abogado porque los presos vuelvan al&#8230;<\/p>\n","protected":false},"author":3,"featured_media":0,"comment_status":"open","ping_status":"closed","sticky":false,"template":"","format":"standard","meta":[],"categories":[104],"tags":[99],"_links":{"self":[{"href":"https:\/\/tuavaluo.com\/avaluo\/wp-json\/wp\/v2\/posts\/29862"}],"collection":[{"href":"https:\/\/tuavaluo.com\/avaluo\/wp-json\/wp\/v2\/posts"}],"about":[{"href":"https:\/\/tuavaluo.com\/avaluo\/wp-json\/wp\/v2\/types\/post"}],"author":[{"embeddable":true,"href":"https:\/\/tuavaluo.com\/avaluo\/wp-json\/wp\/v2\/users\/3"}],"replies":[{"embeddable":true,"href":"https:\/\/tuavaluo.com\/avaluo\/wp-json\/wp\/v2\/comments?post=29862"}],"version-history":[{"count":0,"href":"https:\/\/tuavaluo.com\/avaluo\/wp-json\/wp\/v2\/posts\/29862\/revisions"}],"wp:attachment":[{"href":"https:\/\/tuavaluo.com\/avaluo\/wp-json\/wp\/v2\/media?parent=29862"}],"wp:term":[{"taxonomy":"category","embeddable":true,"href":"https:\/\/tuavaluo.com\/avaluo\/wp-json\/wp\/v2\/categories?post=29862"},{"taxonomy":"post_tag","embeddable":true,"href":"https:\/\/tuavaluo.com\/avaluo\/wp-json\/wp\/v2\/tags?post=29862"}],"curies":[{"name":"wp","href":"https:\/\/api.w.org\/{rel}","templated":true}]}}