{"id":29989,"date":"2021-01-18T13:08:08","date_gmt":"2021-01-18T13:08:08","guid":{"rendered":"https:\/\/tuavaluo.com\/avaluo\/2021\/01\/18\/expertos-investigan-una-nueva-variante-del-coronavirus-en-alemania\/"},"modified":"2021-01-18T13:08:08","modified_gmt":"2021-01-18T13:08:08","slug":"expertos-investigan-una-nueva-variante-del-coronavirus-en-alemania","status":"publish","type":"post","link":"https:\/\/tuavaluo.com\/avaluo\/2021\/01\/18\/expertos-investigan-una-nueva-variante-del-coronavirus-en-alemania\/","title":{"rendered":"Expertos investigan una nueva variante del coronavirus en Alemania"},"content":{"rendered":"<div class=\"read-more-links\">\n<h5>Noticia relacionada<\/h5>\n<p><a class=\"readMore\" href=\"https:\/\/www.bolsamania.com\/noticias\/politica\/merkel-advierte-confinamiento-alemania-durar-mes-abril--7775310.html\" rel=\"noopener noreferrer\" target=\"_blank\" data-id=\"7775310\" rel=\"nofollow\" ><\/p>\n<figure><img class=\"lazy\" title=\"Leer m&#xE1;s\" data-original=\"https:\/\/img6.s3wfg.com\/web\/img\/images_uploaded\/4\/c\/angela-merkel-invitee-a-bregancon-le-20-aout-annonce-l-elysee.jpg\" data-src=\"https:\/\/img6.s3wfg.com\/web\/img\/images_uploaded\/4\/c\/angela-merkel-invitee-a-bregancon-le-20-aout-annonce-l-elysee.jpg\" \/><\/figure>\n<p>El confinamiento duro en Alemania se ampliar\u00e1 hasta marzo o abril <\/a><\/div>\n<p>La sospecha se debe a un <strong>brote en la cl\u00ednica de Garmisch-Partenkirchen<\/strong>, en la que se confirmaron 73 positivos en pacientes y personal m\u00e9dico.<strong> Tres de estos positivos parecen indicar una variante<\/strong> hasta ahora desconocida, aunque de momento no se ha determinado si reviste mayor riesgo.<\/p>\n<p>En Alemania se ha registrado una <strong>clara desaceleraci\u00f3n de los nuevos contagios<\/strong> en los \u00faltimos d\u00edas, aunque las autoridades sanitarias y el gobierno de Angela Merkel alertan contra la extensi\u00f3n de la de la variante brit\u00e1nica o la sudafricana.<\/p>\n<p>Controlar la propagaci\u00f3n en territorio alem\u00e1n de esas nuevas variantes es primordial porque<strong> parecen ser m\u00e1s infecciosas,<\/strong> seg\u00fan el ministro de Sanidad, Jens Spahn. \u00abParece que no afectan a la gravedad de la enfermedad. Pero infectan a muchas m\u00e1s personas. Eso significa m\u00e1s hospitalizados y una mayor ocupaci\u00f3n de las uci\u00bb, recalc\u00f3.<\/p>\n<p>En Alemania han muerto desde el inicio de la pandemia 46.633 personas por o con Covid-19, y el n\u00famero de contagiados se sit\u00faa en los 2.040.659 seg\u00fan el Instituto Robert Koch (RKI) de virolog\u00eda. En las \u00faltimas<strong> 24 horas se verificaron 141 nuevos casos y 214 muertes<\/strong>, las <strong>menores cifras en semanas<\/strong>.<\/p>\n<p>Merkel se reunir\u00e1 el martes 19 de enero con los l\u00edderes regionales, una semana antes de lo previsto, para analizar la evoluci\u00f3n de la pandemia.<\/p>\n<p>Desde el gobierno y desde los \u2018L\u00e4nder\u2019 (estados federados) se ha apuntado una<strong> posible prolongaci\u00f3n de las restricciones<\/strong> o nuevas medidas, toque de queda nocturno incluido.<\/p>\n<p>Olaf Scholz, ministro de Finanzas, aventur\u00f3 que la situaci\u00f3n actual se podr\u00eda prolongar <strong>hasta mediados de febrero<\/strong>.<\/p>\n<p>Desde principios de noviembre permanece cerrado todo el ocio, la vida cultural y la gastronom\u00eda, situaci\u00f3n que se ampli\u00f3 con la entrada de diciembre a toda actividad comercial o servicios no esenciales.<\/p>\n<p>La presencialidad escolar no se ha reanudado tras las vacaciones navide\u00f1as ni se prev\u00e9 que lo haga hasta febrero.<\/p>\n<p>La movilidad, por otro lado, queda tambi\u00e9n limitada a un radio de 15 kil\u00f3metros en torno a la localidad o distrito afectado, es decir, ah\u00ed donde se supere la incidencia semanal de 200 casos por 100.000 habitantes.<\/p>\n<\/p>\n<p>&#013;<br \/>\nSource: Bolsamania.com<\/p>\n","protected":false},"excerpt":{"rendered":"<p>Noticia relacionada El confinamiento duro en Alemania se ampliar\u00e1 hasta marzo o abril La sospecha se debe a un brote&#8230;<\/p>\n","protected":false},"author":3,"featured_media":29990,"comment_status":"open","ping_status":"closed","sticky":false,"template":"","format":"standard","meta":[],"categories":[104],"tags":[99],"_links":{"self":[{"href":"https:\/\/tuavaluo.com\/avaluo\/wp-json\/wp\/v2\/posts\/29989"}],"collection":[{"href":"https:\/\/tuavaluo.com\/avaluo\/wp-json\/wp\/v2\/posts"}],"about":[{"href":"https:\/\/tuavaluo.com\/avaluo\/wp-json\/wp\/v2\/types\/post"}],"author":[{"embeddable":true,"href":"https:\/\/tuavaluo.com\/avaluo\/wp-json\/wp\/v2\/users\/3"}],"replies":[{"embeddable":true,"href":"https:\/\/tuavaluo.com\/avaluo\/wp-json\/wp\/v2\/comments?post=29989"}],"version-history":[{"count":0,"href":"https:\/\/tuavaluo.com\/avaluo\/wp-json\/wp\/v2\/posts\/29989\/revisions"}],"wp:featuredmedia":[{"embeddable":true,"href":"https:\/\/tuavaluo.com\/avaluo\/wp-json\/wp\/v2\/media\/29990"}],"wp:attachment":[{"href":"https:\/\/tuavaluo.com\/avaluo\/wp-json\/wp\/v2\/media?parent=29989"}],"wp:term":[{"taxonomy":"category","embeddable":true,"href":"https:\/\/tuavaluo.com\/avaluo\/wp-json\/wp\/v2\/categories?post=29989"},{"taxonomy":"post_tag","embeddable":true,"href":"https:\/\/tuavaluo.com\/avaluo\/wp-json\/wp\/v2\/tags?post=29989"}],"curies":[{"name":"wp","href":"https:\/\/api.w.org\/{rel}","templated":true}]}}