{"id":30293,"date":"2021-01-22T09:24:25","date_gmt":"2021-01-22T09:24:25","guid":{"rendered":"https:\/\/tuavaluo.com\/avaluo\/2021\/01\/22\/fuertes-caidas-para-vocento-tras-la-entrada-de-vivendi-en-grupo-prisa\/"},"modified":"2021-01-22T09:24:25","modified_gmt":"2021-01-22T09:24:25","slug":"fuertes-caidas-para-vocento-tras-la-entrada-de-vivendi-en-grupo-prisa","status":"publish","type":"post","link":"https:\/\/tuavaluo.com\/avaluo\/2021\/01\/22\/fuertes-caidas-para-vocento-tras-la-entrada-de-vivendi-en-grupo-prisa\/","title":{"rendered":"Fuertes ca\u00eddas para Vocento tras la entrada de Vivendi en Grupo Prisa"},"content":{"rendered":"<p>Sin embargo, la entrada de Vivendi en Prisa, tras comprar el <strong>7,9% del capital puesto a la venta por HSBC<\/strong>, aleja cualquier posibilidad de una operaci\u00f3n corporativa para Vocento, y adem\u00e1s permite la entrada de un gran grupo extranjero que apoyar\u00e1 el desarrollo de su rival.<\/p>\n<p>El pasado 4 de enero, <strong><a href=\"https:\/\/www.bolsamania.com\/noticias\/empresas\/prisa-rechazo-interes-vocento-para-comprar-el-pais-cadena-ser--7766218.html\" rel=\"noopener noreferrer\" target=\"_blank\" rel=\"nofollow\" >Vocento<\/a> <\/strong>reconoci\u00f3 a la Comisi\u00f3n Nacional del Mercado de Valores que contact\u00f3 con <strong>Prisa<\/strong> para realizar una oferta por su divisi\u00f3n de <strong><a href=\"https:\/\/www.bolsamania.com\/noticias\/empresas\/sabadell-valora-negocio-medios-prisa-282-millones-euros--7718104.html\" rel=\"noopener noreferrer\" target=\"_blank\" rel=\"nofollow\" >Medios<\/a><\/strong>, pero que la negativa del grupo editor de &#8216;El Pa\u00eds&#8217; y la &#8216;Cadena Ser&#8217; le hizo desestimar el proyecto.<\/p>\n<div class=\"read-more-links\">\n<h5>Noticia relacionada<\/h5>\n<p><a class=\"readMore\" href=\"https:\/\/www.bolsamania.com\/noticias\/empresas\/sabadell-valora-negocio-medios-prisa-282-millones-euros--7718104.html\" rel=\"noopener noreferrer\" target=\"_blank\" data-id=\"7718104\" rel=\"nofollow\" ><\/p>\n<figure><img class=\"lazy\" title=\"Leer m&#xE1;s\" data-original=\"https:\/\/img1.s3wfg.com\/web\/img\/images_uploaded\/7\/f\/ep_la_radio_musical_lider_de_audiencia_en_espana_los_40_principales_cumple_50_anos_y_con_motivo_de_285x185.jpg\" data-src=\"https:\/\/img1.s3wfg.com\/web\/img\/images_uploaded\/7\/f\/ep_la_radio_musical_lider_de_audiencia_en_espana_los_40_principales_cumple_50_anos_y_con_motivo_de_285x185.jpg\" \/><\/figure>\n<p>Sabadell valora el negocio de Medios de Prisa en 282 millones de euros <\/a><\/div>\n<p><strong>\u00abVocento<\/strong>, como grupo de comunicaci\u00f3n escrita, con una posici\u00f3n financiera saneada, desde hace un tiempo y como es su obligaci\u00f3n, viene analizando las distintas alternativas de consolidaci\u00f3n que pudieran plantearse en el sector de medios\u00bb, explic\u00f3 al regulador.<\/p>\n<p>\u00abEn ese contexto, su Consejo de Administraci\u00f3n se reuni\u00f3 el pasado 29 de diciembre de 2020 para analizar distintas posibilidades respecto a la <strong>posible adquisici\u00f3n de los medios de comunicaci\u00f3n de Prisa<\/strong>\u00ab, a\u00f1adi\u00f3.<\/p>\n<p>\u00abA tal efecto, <strong>se estableci\u00f3 una comunicaci\u00f3n informal con Prisa<\/strong> y, constatada la falta de disponibilidad para iniciar conversaci\u00f3n alguna al respecto,<strong> se abandon\u00f3 el proyecto sin que se haya llegado a trasladar ninguna oferta ni mucho menos se haya aprobado<\/strong>, ni siquiera propuesto a sus accionistas ni a su Consejo, ampliaci\u00f3n de capital alguna\u00bb, concluy\u00f3 el texto.<\/p>\n<p>&#013;<br \/>\nSource: Bolsamania.com<\/p>\n","protected":false},"excerpt":{"rendered":"<p>Sin embargo, la entrada de Vivendi en Prisa, tras comprar el 7,9% del capital puesto a la venta por HSBC,&#8230;<\/p>\n","protected":false},"author":3,"featured_media":30294,"comment_status":"open","ping_status":"closed","sticky":false,"template":"","format":"standard","meta":[],"categories":[104],"tags":[99],"_links":{"self":[{"href":"https:\/\/tuavaluo.com\/avaluo\/wp-json\/wp\/v2\/posts\/30293"}],"collection":[{"href":"https:\/\/tuavaluo.com\/avaluo\/wp-json\/wp\/v2\/posts"}],"about":[{"href":"https:\/\/tuavaluo.com\/avaluo\/wp-json\/wp\/v2\/types\/post"}],"author":[{"embeddable":true,"href":"https:\/\/tuavaluo.com\/avaluo\/wp-json\/wp\/v2\/users\/3"}],"replies":[{"embeddable":true,"href":"https:\/\/tuavaluo.com\/avaluo\/wp-json\/wp\/v2\/comments?post=30293"}],"version-history":[{"count":0,"href":"https:\/\/tuavaluo.com\/avaluo\/wp-json\/wp\/v2\/posts\/30293\/revisions"}],"wp:featuredmedia":[{"embeddable":true,"href":"https:\/\/tuavaluo.com\/avaluo\/wp-json\/wp\/v2\/media\/30294"}],"wp:attachment":[{"href":"https:\/\/tuavaluo.com\/avaluo\/wp-json\/wp\/v2\/media?parent=30293"}],"wp:term":[{"taxonomy":"category","embeddable":true,"href":"https:\/\/tuavaluo.com\/avaluo\/wp-json\/wp\/v2\/categories?post=30293"},{"taxonomy":"post_tag","embeddable":true,"href":"https:\/\/tuavaluo.com\/avaluo\/wp-json\/wp\/v2\/tags?post=30293"}],"curies":[{"name":"wp","href":"https:\/\/api.w.org\/{rel}","templated":true}]}}