{"id":30354,"date":"2021-01-25T05:00:00","date_gmt":"2021-01-25T05:00:00","guid":{"rendered":"https:\/\/tuavaluo.com\/avaluo\/2021\/01\/25\/fuerte-deterioro-de-la-pandemia-en-espana-por-la-inaccion-del-gobierno-avisa-danske\/"},"modified":"2021-01-25T05:00:00","modified_gmt":"2021-01-25T05:00:00","slug":"fuerte-deterioro-de-la-pandemia-en-espana-por-la-inaccion-del-gobierno-avisa-danske","status":"publish","type":"post","link":"https:\/\/tuavaluo.com\/avaluo\/2021\/01\/25\/fuerte-deterioro-de-la-pandemia-en-espana-por-la-inaccion-del-gobierno-avisa-danske\/","title":{"rendered":"&quot;Fuerte deterioro&quot; de la pandemia en Espa\u00f1a por la inacci\u00f3n del Gobierno, avisa Danske"},"content":{"rendered":"<p>En Espa\u00f1a, sin embargo, <strong>las restricciones actuales se alejan mucho de las del a\u00f1o pasado pese a que <a href=\"https:\/\/www.bolsamania.com\/noticias\/sanidad\/espan-toca-nuevo-record-44357-contagios-404-fallecidos--7787580.html\" rel=\"noopener noreferrer\" target=\"_blank\" rel=\"nofollow\" >la situaci\u00f3n de la pandemia ahora es peor que entonces<\/a><\/strong>. Nuestro pa\u00eds registr\u00f3 la semana pasada nuevos r\u00e9cords de contagios diarios desde el inicio de la crisis. Esta circunstancia est\u00e1 siendo muy criticada desde distintos \u00e1mbitos, a lo que se suma<strong> el enfrentamiento entre Gobierno y Comunidades Aut\u00f3nomas<\/strong>, algunas de las cuales quieren endurecer las medidas y se han encontrado con la oposici\u00f3n del Ejecutivo.<\/p>\n<p>El Gobierno ha <strong>desautorizado el toque de queda a las ocho de la tarde decretado por Castilla y Le\u00f3n<\/strong>. Adem\u00e1s, tambi\u00e9n se ha negado al adelanto del toque de queda a esa misma hora y al confinamiento domiciliario que solicit\u00f3 Andaluc\u00eda. En opini\u00f3n del ministro de Sanidad, Salvador Illa, no hay necesidad de cambiar el toque de queda -actualmente fijado entre las 22 horas y las 24 horas, seg\u00fan Comunidades- porque el actual es \u00absuficiente\u00bb.<\/p>\n<p>\u00abCreemos que los contagios deber\u00edan bajar en <a href=\"https:\/\/www.bolsamania.com\/noticias\/internacional\/biden-aumenta-restricciones-entrar-eeuu-frenar-pandemia--7787723.html\" rel=\"noopener noreferrer\" target=\"_blank\" rel=\"nofollow\" ><strong>EEUU<\/strong><\/a> y Europa en las pr\u00f3ximas semanas debido a los cierres y a la disminuci\u00f3n de las reuniones sociales. Sin embargo, <strong>algunos pa\u00edses siguen en ascenso, entre ellos Espa\u00f1a y los pa\u00edses de \u00c1frica y Sudam\u00e9rica<\/strong>. Esperamos que las restricciones <strong>nos acompa\u00f1en durante la mayor parte del primer trimestre debido a la nueva variante m\u00e1s contagiosa (del virus) y al clima invernal<\/strong>\u00ab, insisten estos analistas.<\/p>\n<h3><strong>EL \u00abIMPORTANTE RIESGO\u00bb PARA LA RECUPERACI\u00d3N<\/strong><\/h3>\n<p>Los nuevos r\u00e9cords de infecciones y fallecimientos por el Covid-19, junto a las noticias sobre las nuevas cepas del virus, marcan el momento actual de la pandemia. La presidenta del Banco Central Europeo (BCE), <a href=\"https:\/\/www.bolsamania.com\/noticias\/mercados\/lagarde-restricciones-viajes-china-se-cargan-optimismo-europa--7788172.html\" rel=\"noopener noreferrer\" target=\"_blank\" rel=\"nofollow\" ><strong>Christine Lagarde<\/strong><\/a>, ha alertado de que esta situaci\u00f3n plantea \u00abgraves riesgos\u00bb no solo para la salud p\u00fablica, sino tambi\u00e9n para la econom\u00eda de la eurozona y del resto del mundo. <a href=\"https:\/\/www.bolsamania.com\/noticias\/cronica-ibex\/ibex-termina-semana-pidiendo-hora-mirando-8000--7787903.html\" rel=\"noopener noreferrer\" target=\"_blank\" rel=\"nofollow\" ><strong>Las bolsas sufrieron en las \u00faltimas jornadas de la semana pasada<\/strong><\/a> por estas declaraciones, que <strong>han &#8216;pinchado&#8217; la burbuja de optimismo basada en la idea de consenso de que habr\u00e1 recuperaci\u00f3n econ\u00f3mica en la segunda parte del a\u00f1o<\/strong>.<\/p>\n<div class=\"read-more-links\">\n<h5>Noticia relacionada<\/h5>\n<p><a class=\"readMore\" href=\"https:\/\/www.bolsamania.com\/noticias\/sanidad\/experto-epidemias-pide-ampliar-toque-de-queda-confinamientos-estrictos--7788327.html\" rel=\"noopener noreferrer\" target=\"_blank\" data-id=\"7788327\" rel=\"nofollow\" ><\/p>\n<figure><img class=\"lazy\" title=\"Leer m&#xE1;s\" data-original=\"https:\/\/img4.s3wfg.com\/web\/img\/images_uploaded\/5\/8\/ep_jose_martinez_olmos_20170517132309_285x185.jpg\" data-src=\"https:\/\/img4.s3wfg.com\/web\/img\/images_uploaded\/5\/8\/ep_jose_martinez_olmos_20170517132309_285x185.jpg\" \/><\/figure>\n<p>Un experto en epidemias pide \u00abampliar el toque de queda\u00bb y \u00abconfinamientos estrictos\u00bb <\/a><\/div>\n<p>Danske reconoce que est\u00e1 entre los que creen que las perspectivas macro son ahora \u00abmucho mejores, especialmente para la segunda mitad del a\u00f1o\u00bb, despu\u00e9s de \u00abun largo y dif\u00edcil invierno\u00bb con un elevado n\u00famero de casos de Covid y cierres. Aun as\u00ed, asume que <strong>hay un \u00abimportante riesgo de cola\u00bb en estas expectativas favorables del consenso<\/strong>, y tiene que ver con<a href=\"https:\/\/www.bolsamania.com\/noticias\/empresas\/vacuna-pfizer-biontech-efectiva-contra-cepa-britanica-covid-19--7785046.html\" rel=\"noopener noreferrer\" target=\"_blank\" rel=\"nofollow\" ><strong> las vacunas y con esas nuevas cepas del virus<\/strong><\/a> que est\u00e1n apareciendo en distintos puntos del mundo.<\/p>\n<p>\u00abActualmente los cient\u00edficos est\u00e1n analizando la eficacia de las vacunas contra las nuevas mutaciones, especialmente la sudafricana. <strong>Existe el riesgo de que las vacunas sean ineficaces y que la vacunaci\u00f3n contra las antiguas variantes no sea suficiente para acabar con lo pandemia<\/strong>\u00ab, advierten desde el banco.<\/p>\n<p>Si finalmente se confirmara que las vacunas no son eficaces contra las nuevas cepas, \u00abesto significar\u00eda otro a\u00f1o perdido, ya que <strong>la fuerte recuperaci\u00f3n econ\u00f3mica se pospondr\u00eda hasta 2022<\/strong>\u00ab, avisan desde Danske Bank, en l\u00ednea con la advertencia que ha hecho Christine Lagarde. Esta situaci\u00f3n \u00abpodr\u00eda implicar <strong>un importante retroceso en el gusto actual por el riesgo (bolsas)<\/strong>, ya que los inversores est\u00e1n descontando ahora unas perspectivas (econ\u00f3micas) muy positivas\u00bb, concluyen.<\/p>\n<p>&#013;<br \/>\nSource: Bolsamania.com<\/p>\n","protected":false},"excerpt":{"rendered":"<p>En Espa\u00f1a, sin embargo, las restricciones actuales se alejan mucho de las del a\u00f1o pasado pese a que la situaci\u00f3n&#8230;<\/p>\n","protected":false},"author":3,"featured_media":30355,"comment_status":"open","ping_status":"closed","sticky":false,"template":"","format":"standard","meta":[],"categories":[104],"tags":[99],"_links":{"self":[{"href":"https:\/\/tuavaluo.com\/avaluo\/wp-json\/wp\/v2\/posts\/30354"}],"collection":[{"href":"https:\/\/tuavaluo.com\/avaluo\/wp-json\/wp\/v2\/posts"}],"about":[{"href":"https:\/\/tuavaluo.com\/avaluo\/wp-json\/wp\/v2\/types\/post"}],"author":[{"embeddable":true,"href":"https:\/\/tuavaluo.com\/avaluo\/wp-json\/wp\/v2\/users\/3"}],"replies":[{"embeddable":true,"href":"https:\/\/tuavaluo.com\/avaluo\/wp-json\/wp\/v2\/comments?post=30354"}],"version-history":[{"count":0,"href":"https:\/\/tuavaluo.com\/avaluo\/wp-json\/wp\/v2\/posts\/30354\/revisions"}],"wp:featuredmedia":[{"embeddable":true,"href":"https:\/\/tuavaluo.com\/avaluo\/wp-json\/wp\/v2\/media\/30355"}],"wp:attachment":[{"href":"https:\/\/tuavaluo.com\/avaluo\/wp-json\/wp\/v2\/media?parent=30354"}],"wp:term":[{"taxonomy":"category","embeddable":true,"href":"https:\/\/tuavaluo.com\/avaluo\/wp-json\/wp\/v2\/categories?post=30354"},{"taxonomy":"post_tag","embeddable":true,"href":"https:\/\/tuavaluo.com\/avaluo\/wp-json\/wp\/v2\/tags?post=30354"}],"curies":[{"name":"wp","href":"https:\/\/api.w.org\/{rel}","templated":true}]}}