{"id":30383,"date":"2021-01-25T09:27:02","date_gmt":"2021-01-25T09:27:02","guid":{"rendered":"https:\/\/tuavaluo.com\/avaluo\/2021\/01\/25\/italia-demandara-a-astrazeneca-por-el-retraso-en-el-suministro-de-su-vacuna\/"},"modified":"2021-01-25T09:27:02","modified_gmt":"2021-01-25T09:27:02","slug":"italia-demandara-a-astrazeneca-por-el-retraso-en-el-suministro-de-su-vacuna","status":"publish","type":"post","link":"https:\/\/tuavaluo.com\/avaluo\/2021\/01\/25\/italia-demandara-a-astrazeneca-por-el-retraso-en-el-suministro-de-su-vacuna\/","title":{"rendered":"Italia demandar\u00e1 a AstraZeneca por el retraso en el suministro de su vacuna"},"content":{"rendered":"<p>El primer ministro, Giuseppe Conte, ha afirmado desde redes sociales que \u00abrecurriremos a todos los instrumentos y a todas las iniciativas legales, como ya estamos haciendo con Pfizer-BioNtech, para reivindicar el respeto a los compromisos contractuales y <strong>proteger a nuestra comunidad nacional<\/strong>\u00ab.<\/p>\n<p>Conte ha explicado que las regiones se ver\u00e1n <strong>obligadas a ralentizar las campa\u00f1as de vacunaci\u00f3n<\/strong> y esto provocar\u00e1 \u00abda\u00f1os enormes a Italia y al resto de pa\u00edses europeos con consecuencias directas en la vida y salud\u00bb, sobre todo en la administraci\u00f3n de la segunda dosis pasados los 21 d\u00edas desde la primera inoculaci\u00f3n, que ahora estar\u00eda en peligro.<\/p>\n<p>Desde la Uni\u00f3n Europea, la comisaria europea de Salud, Stella Kyriakides, ha indicado que los pa\u00edses han trasladado su \u00abprofundo descontento\u00bb. \u00ab<strong>Insistimos en un calendario de entrega preciso<\/strong> para saber qu\u00e9 Estados miembros deben planificar sus programas de vacunaci\u00f3n\u00bb, ha declarado desde su cuenta de Twitter.<\/p>\n<p>La Uni\u00f3n Europea cuenta actualmente con dos vacunas en el mercado, aunque con una cartera mayor pendiente de an\u00e1lisis y aprobaci\u00f3n. La de BioNTech y Pfizer fue la primera en su aprobaci\u00f3n, el pasado diciembre, pese a la <strong>preocupaci\u00f3n por el anuncio de un retraso<\/strong> en el reparto de las dosis comprometidas para el primer trimestre.<\/p>\n<p>Tambi\u00e9n se distribuye la de Moderna, <strong><a href=\"https:\/\/www.bolsamania.com\/noticias\/empresas\/lagencia-europea-medicamento-aprueba-vacuna-moderna--7769050.html\" target=\"_blank\"  rel=\"nofollow\" >aprobada a primeros de a\u00f1o<\/a><\/strong>, y se espera que la Agencia Europea del Medicamento (EMA, por sus siglas en ingl\u00e9s) d\u00e9 tambi\u00e9n luz verde a la desarrollada por AstraZeneca y la Universidad de Oxford <strong>antes de que acabe el mes<\/strong>.<\/p>\n<p>&#013;<br \/>\nSource: Bolsamania.com<\/p>\n","protected":false},"excerpt":{"rendered":"<p>El primer ministro, Giuseppe Conte, ha afirmado desde redes sociales que \u00abrecurriremos a todos los instrumentos y a todas las&#8230;<\/p>\n","protected":false},"author":3,"featured_media":0,"comment_status":"open","ping_status":"closed","sticky":false,"template":"","format":"standard","meta":[],"categories":[104],"tags":[99],"_links":{"self":[{"href":"https:\/\/tuavaluo.com\/avaluo\/wp-json\/wp\/v2\/posts\/30383"}],"collection":[{"href":"https:\/\/tuavaluo.com\/avaluo\/wp-json\/wp\/v2\/posts"}],"about":[{"href":"https:\/\/tuavaluo.com\/avaluo\/wp-json\/wp\/v2\/types\/post"}],"author":[{"embeddable":true,"href":"https:\/\/tuavaluo.com\/avaluo\/wp-json\/wp\/v2\/users\/3"}],"replies":[{"embeddable":true,"href":"https:\/\/tuavaluo.com\/avaluo\/wp-json\/wp\/v2\/comments?post=30383"}],"version-history":[{"count":0,"href":"https:\/\/tuavaluo.com\/avaluo\/wp-json\/wp\/v2\/posts\/30383\/revisions"}],"wp:attachment":[{"href":"https:\/\/tuavaluo.com\/avaluo\/wp-json\/wp\/v2\/media?parent=30383"}],"wp:term":[{"taxonomy":"category","embeddable":true,"href":"https:\/\/tuavaluo.com\/avaluo\/wp-json\/wp\/v2\/categories?post=30383"},{"taxonomy":"post_tag","embeddable":true,"href":"https:\/\/tuavaluo.com\/avaluo\/wp-json\/wp\/v2\/tags?post=30383"}],"curies":[{"name":"wp","href":"https:\/\/api.w.org\/{rel}","templated":true}]}}