{"id":30722,"date":"2021-01-29T10:19:03","date_gmt":"2021-01-29T10:19:03","guid":{"rendered":"https:\/\/tuavaluo.com\/avaluo\/2021\/01\/29\/bbva-prepara-una-gran-reestructuracion-en-espana-en-el-primer-semestre\/"},"modified":"2021-01-29T10:19:03","modified_gmt":"2021-01-29T10:19:03","slug":"bbva-prepara-una-gran-reestructuracion-en-espana-en-el-primer-semestre","status":"publish","type":"post","link":"https:\/\/tuavaluo.com\/avaluo\/2021\/01\/29\/bbva-prepara-una-gran-reestructuracion-en-espana-en-el-primer-semestre\/","title":{"rendered":"BBVA prepara &quot;una gran reestructuraci\u00f3n en Espa\u00f1a&quot; en el primer semestre"},"content":{"rendered":"<p>Seg\u00fan ha confirmado a los analistas el consejero delegado, <strong>Onur Gen\u00e7<\/strong>, \u00abtenemos planes de reducci\u00f3n de cuota de mercado en Espa\u00f1a, pero muy cauta\u00bb.<\/p>\n<p>Al ser cuestionado por una posible reducci\u00f3n gradual de la plantilla, ha dicho que \u00ab<strong>estamos en un plan de reestructuraci\u00f3n r\u00e1pida en la que estamos considerando todas las opciones<\/strong>\u00ab.<\/p>\n<p>As\u00ed, ha confirmado que \u00ab<strong>sea cual sea la decisi\u00f3n, la anunciaremos pronto y la ejecutaremos durante la primera mitad de 2021<\/strong>\u00ab.<\/p>\n<p>La entidad tampoco descarta <strong>recomprar las sucursales que vendi\u00f3 a Merlin Properties<\/strong>. Actualmente, BBVA paga a la socimi unos <strong>79 millones de euros anuales por el alquiler de casi 700 oficinas<\/strong>, mientras que <strong>el acuerdo de arrendamiento no vence hasta 2040<\/strong>.<\/p>\n<p>BBVA tendr\u00eda que pagar unos <strong>1.600 millones de euros en rentas durante los pr\u00f3ximos a\u00f1os<\/strong> en los que el contrato sigue vigente, por lo que <strong>Barclays ve poco probable que Merlin Properties est\u00e9 dispuesta a vender<\/strong> estos activos por un precio inferior. Desde BBVA, han dicho que \u00ab<strong>todo depender\u00e1 del precio<\/strong>\u00ab.<\/p>\n<p>&#013;<br \/>\nSource: Bolsamania.com<\/p>\n","protected":false},"excerpt":{"rendered":"<p>Seg\u00fan ha confirmado a los analistas el consejero delegado, Onur Gen\u00e7, \u00abtenemos planes de reducci\u00f3n de cuota de mercado en&#8230;<\/p>\n","protected":false},"author":3,"featured_media":0,"comment_status":"open","ping_status":"closed","sticky":false,"template":"","format":"standard","meta":[],"categories":[104],"tags":[99],"_links":{"self":[{"href":"https:\/\/tuavaluo.com\/avaluo\/wp-json\/wp\/v2\/posts\/30722"}],"collection":[{"href":"https:\/\/tuavaluo.com\/avaluo\/wp-json\/wp\/v2\/posts"}],"about":[{"href":"https:\/\/tuavaluo.com\/avaluo\/wp-json\/wp\/v2\/types\/post"}],"author":[{"embeddable":true,"href":"https:\/\/tuavaluo.com\/avaluo\/wp-json\/wp\/v2\/users\/3"}],"replies":[{"embeddable":true,"href":"https:\/\/tuavaluo.com\/avaluo\/wp-json\/wp\/v2\/comments?post=30722"}],"version-history":[{"count":0,"href":"https:\/\/tuavaluo.com\/avaluo\/wp-json\/wp\/v2\/posts\/30722\/revisions"}],"wp:attachment":[{"href":"https:\/\/tuavaluo.com\/avaluo\/wp-json\/wp\/v2\/media?parent=30722"}],"wp:term":[{"taxonomy":"category","embeddable":true,"href":"https:\/\/tuavaluo.com\/avaluo\/wp-json\/wp\/v2\/categories?post=30722"},{"taxonomy":"post_tag","embeddable":true,"href":"https:\/\/tuavaluo.com\/avaluo\/wp-json\/wp\/v2\/tags?post=30722"}],"curies":[{"name":"wp","href":"https:\/\/api.w.org\/{rel}","templated":true}]}}