{"id":31001,"date":"2021-02-04T07:03:16","date_gmt":"2021-02-04T07:03:16","guid":{"rendered":"https:\/\/tuavaluo.com\/avaluo\/2021\/02\/04\/cataluna-decretara-restricciones-de-continuidad-pero-con-pequenas-aperturas\/"},"modified":"2021-02-04T07:03:16","modified_gmt":"2021-02-04T07:03:16","slug":"cataluna-decretara-restricciones-de-continuidad-pero-con-pequenas-aperturas","status":"publish","type":"post","link":"https:\/\/tuavaluo.com\/avaluo\/2021\/02\/04\/cataluna-decretara-restricciones-de-continuidad-pero-con-pequenas-aperturas\/","title":{"rendered":"Catalu\u00f1a decretar\u00e1 restricciones &quot;de continuidad pero con peque\u00f1as aperturas&quot;"},"content":{"rendered":"<div class=\"read-more-links\">\n<h5>Noticia relacionada<\/h5>\n<p><a class=\"readMore\" href=\"https:\/\/www.bolsamania.com\/noticias\/politica\/el-concierto-fiscal-a-la-vasca-reportaria-a-cataluna-9000-millones-de-euros-mas-al-ano--7801509.html\" rel=\"noopener noreferrer\" target=\"_blank\" data-id=\"7801509\" rel=\"nofollow\" ><\/p>\n<figure><img class=\"lazy\" title=\"Leer m&#xE1;s\" data-original=\"https:\/\/img6.s3wfg.com\/web\/img\/images_uploaded\/5\/a\/diada-portada-manifestacion-cataluna_285x185.png\" data-src=\"https:\/\/img6.s3wfg.com\/web\/img\/images_uploaded\/5\/a\/diada-portada-manifestacion-cataluna_285x185.png\" \/><\/figure>\n<p>El concierto fiscal a la vasca reportar\u00eda a Catalu\u00f1a 9.000 millones m\u00e1s al a\u00f1o <\/a><\/div>\n<p>Lo ha dicho en rueda de prensa junto a la subdirectora general de Promoci\u00f3n de la Salud de la Generalitat, Carmen Cabezas, en la que ha descartado concretar alguna de las medidas porque todav\u00eda no lo tienen \u00abtodo cerrado\u00bb.<\/p>\n<p>Las restricciones actuales, que entraron en vigor el 7 de enero y se han prorrogado hasta el pr\u00f3ximo lunes, contemplan el confinamiento municipal y limitaciones a los comercios, ya que los fines de semana solo pueden abrir los establecimientos de productos esenciales y los centros comerciales permanecen cerrados todos los d\u00edas, entre otros.<\/p>\n<p>Sobre la situaci\u00f3n epidemiol\u00f3gica actual &#8211;uno de los factores que tienen en cuenta a la hora de decretar nuevas restricciones&#8211;, Argimon ha concretado que se mantiene el \u00abt\u00edmido descenso\u00bb de los indicadores de la pandemia que se ha registrado en las \u00faltimas tres semanas en Catalunya de aproximadamente un 2%.<\/p>\n<p>Asimismo, el secretario ha estimado que este \u00abritmo lento\u00bb de descenso se acelere en los pr\u00f3ximos tres d\u00edas entre un 5 y un 7% por lo que esperan pasar de los cerca de 20.000 casos semanales a casi 15.000 nuevos contagios a la semana, lo que a juicio de Argimon implica un descenso importante.<\/p>\n<p>&#013;<br \/>\nSource: Bolsamania.com<\/p>\n","protected":false},"excerpt":{"rendered":"<p>Noticia relacionada El concierto fiscal a la vasca reportar\u00eda a Catalu\u00f1a 9.000 millones m\u00e1s al a\u00f1o Lo ha dicho en&#8230;<\/p>\n","protected":false},"author":3,"featured_media":31002,"comment_status":"open","ping_status":"closed","sticky":false,"template":"","format":"standard","meta":[],"categories":[104],"tags":[99],"_links":{"self":[{"href":"https:\/\/tuavaluo.com\/avaluo\/wp-json\/wp\/v2\/posts\/31001"}],"collection":[{"href":"https:\/\/tuavaluo.com\/avaluo\/wp-json\/wp\/v2\/posts"}],"about":[{"href":"https:\/\/tuavaluo.com\/avaluo\/wp-json\/wp\/v2\/types\/post"}],"author":[{"embeddable":true,"href":"https:\/\/tuavaluo.com\/avaluo\/wp-json\/wp\/v2\/users\/3"}],"replies":[{"embeddable":true,"href":"https:\/\/tuavaluo.com\/avaluo\/wp-json\/wp\/v2\/comments?post=31001"}],"version-history":[{"count":0,"href":"https:\/\/tuavaluo.com\/avaluo\/wp-json\/wp\/v2\/posts\/31001\/revisions"}],"wp:featuredmedia":[{"embeddable":true,"href":"https:\/\/tuavaluo.com\/avaluo\/wp-json\/wp\/v2\/media\/31002"}],"wp:attachment":[{"href":"https:\/\/tuavaluo.com\/avaluo\/wp-json\/wp\/v2\/media?parent=31001"}],"wp:term":[{"taxonomy":"category","embeddable":true,"href":"https:\/\/tuavaluo.com\/avaluo\/wp-json\/wp\/v2\/categories?post=31001"},{"taxonomy":"post_tag","embeddable":true,"href":"https:\/\/tuavaluo.com\/avaluo\/wp-json\/wp\/v2\/tags?post=31001"}],"curies":[{"name":"wp","href":"https:\/\/api.w.org\/{rel}","templated":true}]}}