{"id":31174,"date":"2021-02-08T10:22:09","date_gmt":"2021-02-08T10:22:09","guid":{"rendered":"https:\/\/tuavaluo.com\/avaluo\/2021\/02\/08\/casado-afirma-que-no-puede-hacerse-responsable-de-la-caja-b-del-pp\/"},"modified":"2021-02-08T10:22:09","modified_gmt":"2021-02-08T10:22:09","slug":"casado-afirma-que-no-puede-hacerse-responsable-de-la-caja-b-del-pp","status":"publish","type":"post","link":"https:\/\/tuavaluo.com\/avaluo\/2021\/02\/08\/casado-afirma-que-no-puede-hacerse-responsable-de-la-caja-b-del-pp\/","title":{"rendered":"Casado afirma que no puede &quot;hacerse responsable&quot; de la caja B del PP"},"content":{"rendered":"<p>En declaraciones a <em>Onda Cero<\/em>, Casado ha aclarado que <strong>no va \u00aba pasar ni una\u00bb<\/strong>. \u00abSi el juez determina que hay alguna responsabilidad por parte de alg\u00fan militante del partido actual, es que no me va a temblar el pulso\u00bb, ha a\u00f1adido.<\/p>\n<p>\u00abNunca, jam\u00e1s, mi equipo ha hablado con delincuentes, nunca. Ni con \u00e9ste ni con los que la Justicia, espero que pronto, y acabando con esta d\u00e9cada de minas, aparezcan\u00bb, ha confesado el l\u00edder de los populares, quien tambi\u00e9n ha explicado que las siglas del PP <strong>no son responsables de lo que sucedi\u00f3 \u00abhace 20 a\u00f1os\u00bb<\/strong>.<\/p>\n<div class=\"read-more-links\">\n<h5>Noticia relacionada<\/h5>\n<p><a class=\"readMore\" href=\"https:\/\/www.bolsamania.com\/noticias\/politica\/barcenas-senala-rajoy-destruyo-caja-b-yo-guardaba-copia--7802013.html\" rel=\"noopener noreferrer\" target=\"_blank\" data-id=\"7802013\" rel=\"nofollow\" ><\/p>\n<figure><img class=\"lazy\" title=\"Leer m&#xE1;s\" data-original=\"https:\/\/img4.s3wfg.com\/web\/img\/images_uploaded\/b\/3\/ep_luis_barcenas_20190331141903_285x185.jpg\" data-src=\"https:\/\/img4.s3wfg.com\/web\/img\/images_uploaded\/b\/3\/ep_luis_barcenas_20190331141903_285x185.jpg\" \/><\/figure>\n<p>B\u00e1rcenas se\u00f1ala a Rajoy: \u00abDestruy\u00f3 la caja B sin saber que yo guardaba una copia\u00bb <\/a><\/div>\n<p>No obstante, Casado <strong>no ha descartado cambiar las siglas<\/strong> y se ha limitado a se\u00f1alar que su partido \u00abmerece la pena\u00bb y que \u00ablo dem\u00e1s es una cuesti\u00f3n est\u00e9tica y formal\u00bb, porque el proyecto pol\u00edtico \u00abva m\u00e1s all\u00e1 de la imagen\u00bb.<\/p>\n<p>El l\u00edder de la oposici\u00f3n ha respondido de esta forma a las <strong><a href=\"https:\/\/www.bolsamania.com\/noticias\/politica\/barcenas-senala-rajoy-destruyo-caja-b-yo-guardaba-copia--7802013.html\" target=\"_blank\"  rel=\"nofollow\" >acusaciones del extesorero del PP, Luis B\u00e1rcenas<\/a><\/strong>, que ha denunciado la existencia de financiaci\u00f3n irregular en el partido desde 1982, y asegur\u00f3 que la direcci\u00f3n actual negoci\u00f3 con \u00e9l. Casado ha negado cualquier contacto y ha confesado que <strong>\u00ablo que estamos es muy hartos\u00bb<\/strong>. \u00abSon ya 10 a\u00f1os teniendo que responder de algo de lo que no tenemos ninguna informaci\u00f3n\u00bb, ha subrayado.<\/p>\n<p>Casado ha defendido que de las personas se\u00f1aladas por B\u00e1rcenas, entre las que se encuentran Mariano Rajoy, Jos\u00e9 Mar\u00eda Aznar o Mar\u00eda Dolores de Cospedal, tienen la misma versi\u00f3n que la dada como testigos, que han negado la existencia de financiaci\u00f3n irregular. Adem\u00e1s, ha argumentado que los militantes le escogieron para <strong>\u00abdepurar la c\u00fapula\u00bb anterior<\/strong>.<\/p>\n<p>\u00abOtra cosa es lo que el se\u00f1or B\u00e1rcenas acuse a <strong>otras personas que ni est\u00e1n ahora en el partido<\/strong>, ni yo estaba cuando dirig\u00edan el partido, \u00bfy eso es compatible con decir que fueron muy buenos ministros, y muy buenos presidentes y muy buenos secretarios de Estado? S\u00ed\u00bb, ha justificado.<\/p>\n<p>B\u00e1rcenas es el principal acusado en <strong><a href=\"https:\/\/www.bolsamania.com\/noticias\/politica\/barcenas-vuelve-banquillo-lunes-poner-nuevamente-jaque-pp--7806770.html\" target=\"_blank\"  rel=\"nofollow\" >el juicio de este lunes en la Audiencia Nacional<\/a><\/strong> por el presunto pago de las obras de la reforma de la sede del PP con dinero de la caja B del partido.<\/p>\n<p>&#013;<br \/>\nSource: Bolsamania.com<\/p>\n","protected":false},"excerpt":{"rendered":"<p>En declaraciones a Onda Cero, Casado ha aclarado que no va \u00aba pasar ni una\u00bb. \u00abSi el juez determina que&#8230;<\/p>\n","protected":false},"author":3,"featured_media":31175,"comment_status":"open","ping_status":"closed","sticky":false,"template":"","format":"standard","meta":[],"categories":[104],"tags":[99],"_links":{"self":[{"href":"https:\/\/tuavaluo.com\/avaluo\/wp-json\/wp\/v2\/posts\/31174"}],"collection":[{"href":"https:\/\/tuavaluo.com\/avaluo\/wp-json\/wp\/v2\/posts"}],"about":[{"href":"https:\/\/tuavaluo.com\/avaluo\/wp-json\/wp\/v2\/types\/post"}],"author":[{"embeddable":true,"href":"https:\/\/tuavaluo.com\/avaluo\/wp-json\/wp\/v2\/users\/3"}],"replies":[{"embeddable":true,"href":"https:\/\/tuavaluo.com\/avaluo\/wp-json\/wp\/v2\/comments?post=31174"}],"version-history":[{"count":0,"href":"https:\/\/tuavaluo.com\/avaluo\/wp-json\/wp\/v2\/posts\/31174\/revisions"}],"wp:featuredmedia":[{"embeddable":true,"href":"https:\/\/tuavaluo.com\/avaluo\/wp-json\/wp\/v2\/media\/31175"}],"wp:attachment":[{"href":"https:\/\/tuavaluo.com\/avaluo\/wp-json\/wp\/v2\/media?parent=31174"}],"wp:term":[{"taxonomy":"category","embeddable":true,"href":"https:\/\/tuavaluo.com\/avaluo\/wp-json\/wp\/v2\/categories?post=31174"},{"taxonomy":"post_tag","embeddable":true,"href":"https:\/\/tuavaluo.com\/avaluo\/wp-json\/wp\/v2\/tags?post=31174"}],"curies":[{"name":"wp","href":"https:\/\/api.w.org\/{rel}","templated":true}]}}