{"id":31361,"date":"2021-02-10T16:07:53","date_gmt":"2021-02-10T16:07:53","guid":{"rendered":"https:\/\/tuavaluo.com\/avaluo\/2021\/02\/10\/los-expertos-de-la-oms-aconsejan-la-vacuna-de-astrazeneca-para-los-mayores-de-65-anos\/"},"modified":"2021-02-10T16:07:53","modified_gmt":"2021-02-10T16:07:53","slug":"los-expertos-de-la-oms-aconsejan-la-vacuna-de-astrazeneca-para-los-mayores-de-65-anos","status":"publish","type":"post","link":"https:\/\/tuavaluo.com\/avaluo\/2021\/02\/10\/los-expertos-de-la-oms-aconsejan-la-vacuna-de-astrazeneca-para-los-mayores-de-65-anos\/","title":{"rendered":"Los expertos de la OMS aconsejan la vacuna de AstraZeneca para los mayores de 65 a\u00f1os"},"content":{"rendered":"<p dir=\"ltr\" lang=\"en\">\n<blockquote class=\"twitter-tweet\">\n<p dir=\"ltr\" lang=\"en\"><a href=\"https:\/\/twitter.com\/hashtag\/BREAKING?src=hash&amp;ref_src=twsrc%5Etfw\" target=\"_blank\"  rel=\"nofollow\" >#BREAKING<\/a> WHO vaccine experts recommend AstraZeneca jab &#8216;even if variants are present&#8217; <a href=\"https:\/\/t.co\/dHeIfFg0lr\" target=\"_blank\"  rel=\"nofollow\" >pic.twitter.com\/dHeIfFg0lr<\/a><\/p>\n<p>\u2014 AFP News Agency (@AFP) <a href=\"https:\/\/twitter.com\/AFP\/status\/1359520041738379267?ref_src=twsrc%5Etfw\" target=\"_blank\"  rel=\"nofollow\" >February 10, 2021<\/a><\/p><\/blockquote>\n<p><strong>El doctor Alejandro Cravioto<\/strong>, presidente del comit\u00e9 de expertos que asesora a la OMS sobre las vacunas contra la covid-19, ha repetido que <strong>incluso en el caso de que exist\u00e1n variantes del coronavirus<\/strong> la vacuna de AstraZeneca debe ser empleada.<\/p>\n<p>El Gobierno de Sud\u00e1frica, donde es predominante una variante de la covid-19, ya anunci\u00f3 la pasada semana que hab\u00eda suspendido la aplicaci\u00f3n de la vacuna de AstraZeneca tras un informe que<strong> aseguraba que su eficacia era limitada en casos leves y moderados.<\/strong><\/p>\n<p><strong>\u00abEl intervalo ideal para administrar las dos dosis de la vacuna es de 8 a 12 semanas\u00bb<\/strong>, ha a\u00f1adido Cravioto, insistiendo que la vacuna de AstraZeneca es tambi\u00e9n recomendable para mayores de 65 a\u00f1os. En Espa\u00f1a, entre otros pa\u00edses europeos, la inmunizaci\u00f3n con este medicamento ha sido limitada a los menores de 55 a\u00f1os.<\/p>\n<p>El Ministerio de Sanidad anunci\u00f3 ayer que dar\u00e1n prioridad a los trabajadores esenciales menores de 55 a\u00f1os para la vacunaci\u00f3n con las dosis de AstraZeneca. Adem\u00e1s, el Comit\u00e9 de Salud P\u00fablica del Sistema Nacional de Salud ha establecido que aquellas personas menores de 55 a\u00f1os que hayan superado la covid-19 y que cuenten con anticuerpos <strong>deber\u00e1n esperar seis meses para ser vacunadas, ya que \u201cla reinfecci\u00f3n es excepcional\u201d<\/strong> en ese periodo<\/p>\n<\/p>\n<p>&#013;<br \/>\nSource: Bolsamania.com<\/p>\n","protected":false},"excerpt":{"rendered":"<p>#BREAKING WHO vaccine experts recommend AstraZeneca jab &#8216;even if variants are present&#8217; pic.twitter.com\/dHeIfFg0lr \u2014 AFP News Agency (@AFP) February 10,&#8230;<\/p>\n","protected":false},"author":3,"featured_media":0,"comment_status":"open","ping_status":"closed","sticky":false,"template":"","format":"standard","meta":[],"categories":[104],"tags":[99],"_links":{"self":[{"href":"https:\/\/tuavaluo.com\/avaluo\/wp-json\/wp\/v2\/posts\/31361"}],"collection":[{"href":"https:\/\/tuavaluo.com\/avaluo\/wp-json\/wp\/v2\/posts"}],"about":[{"href":"https:\/\/tuavaluo.com\/avaluo\/wp-json\/wp\/v2\/types\/post"}],"author":[{"embeddable":true,"href":"https:\/\/tuavaluo.com\/avaluo\/wp-json\/wp\/v2\/users\/3"}],"replies":[{"embeddable":true,"href":"https:\/\/tuavaluo.com\/avaluo\/wp-json\/wp\/v2\/comments?post=31361"}],"version-history":[{"count":0,"href":"https:\/\/tuavaluo.com\/avaluo\/wp-json\/wp\/v2\/posts\/31361\/revisions"}],"wp:attachment":[{"href":"https:\/\/tuavaluo.com\/avaluo\/wp-json\/wp\/v2\/media?parent=31361"}],"wp:term":[{"taxonomy":"category","embeddable":true,"href":"https:\/\/tuavaluo.com\/avaluo\/wp-json\/wp\/v2\/categories?post=31361"},{"taxonomy":"post_tag","embeddable":true,"href":"https:\/\/tuavaluo.com\/avaluo\/wp-json\/wp\/v2\/tags?post=31361"}],"curies":[{"name":"wp","href":"https:\/\/api.w.org\/{rel}","templated":true}]}}