{"id":31609,"date":"2021-02-15T13:12:23","date_gmt":"2021-02-15T13:12:23","guid":{"rendered":"https:\/\/tuavaluo.com\/avaluo\/2021\/02\/15\/la-fiscalia-recurre-el-tercer-grado-a-los-nueve-del-proces-y-pide-anular-su-semilibertad\/"},"modified":"2021-02-15T13:12:23","modified_gmt":"2021-02-15T13:12:23","slug":"la-fiscalia-recurre-el-tercer-grado-a-los-nueve-del-proces-y-pide-anular-su-semilibertad","status":"publish","type":"post","link":"https:\/\/tuavaluo.com\/avaluo\/2021\/02\/15\/la-fiscalia-recurre-el-tercer-grado-a-los-nueve-del-proces-y-pide-anular-su-semilibertad\/","title":{"rendered":"La Fiscal\u00eda recurre el tercer grado a los nueve del &#039;proc\u00e9s&#039; y pide anular su semilibertad"},"content":{"rendered":"<p>Los condenados por el proceso soberanista <strong>salieron de prisi\u00f3n el pasado 29 de enero<\/strong>, coincidiendo con el inicio de la campa\u00f1a de las elecciones auton\u00f3micas del 14-F, despu\u00e9s de que la Generalitat <strong><a href=\"https:\/\/www.bolsamania.com\/noticias\/politica\/generalitat-vuelve-dar-tercer-grado-presos-proces-haran-campana--7795108.html\" target=\"_blank\"  rel=\"nofollow\" >les concediera nuevamente el tercer grado<\/a><\/strong>, que el Supremo les hab\u00eda revocado en diciembre.<\/p>\n<p>La Fiscal\u00eda ha interpuesto este lunes, <strong>el d\u00eda despu\u00e9s de las elecciones al Parlament<\/strong>, que se revoque el tercer grado de los nueve presos y que los juzgados de vigilancia penitenciaria suspendan su semilibertad, por la que \u00fanicamente van a prisi\u00f3n a dormir de lunes a jueves.<\/p>\n<p>El fiscal ha considerado que \u00ab<strong>la progresi\u00f3n a tercer grado es incompatible<\/strong>\u00bb con la \u00abextrema gravedad de los delitos cometidos\u00bb ya que no han cumplido m\u00e1s que una cuarta parte de la pena establecida por el Supremo. \u00abLa conducta por la que se conden\u00f3 el interno fue muy grave, no s\u00f3lo en t\u00e9rminos jur\u00eddicos, sino en t\u00e9rminos de repercusi\u00f3n social e institucional\u00bb.<\/p>\n<p>\u00abEn \u00faltima instancia, el perjuicio causado lo ha sido a la estructura de nuestro Estado Social y Democr\u00e1tico de Derecho, as\u00ed como a la Constituci\u00f3n Espa\u00f1ola, <strong>habi\u00e9ndose querido vulnerar la unidad territorial<\/strong>\u00ab, ha apostillado el recurso.<\/p>\n<p>Asimismo, la Fiscal\u00eda ha recordado que Oriol Junqueras tambi\u00e9n fue condenado por \u00ab<strong>haber cometido actos de manifiesta deslealtad<\/strong> en la administraci\u00f3n de fondos p\u00fablicos, aprobando normas que autorizaban la utilizaci\u00f3n de recursos humanos, materiales y tecnol\u00f3gicos necesarios para garantizar la adecuada organizaci\u00f3n y desarrollo del refer\u00e9ndum de autodeterminaci\u00f3n de Catalunya, quebrantando as\u00ed la confianza que la sociedad tiene en el manejo honesto de los fondos del Estado, de las Comunidades Aut\u00f3nomas y entes locales y en los deberes de fidelidad y transparencia que tienen los funcionarios p\u00fablicos\u00bb.<\/p>\n<p>&#013;<br \/>\nSource: Bolsamania.com<\/p>\n","protected":false},"excerpt":{"rendered":"<p>Los condenados por el proceso soberanista salieron de prisi\u00f3n el pasado 29 de enero, coincidiendo con el inicio de la&#8230;<\/p>\n","protected":false},"author":3,"featured_media":0,"comment_status":"open","ping_status":"closed","sticky":false,"template":"","format":"standard","meta":[],"categories":[104],"tags":[99],"_links":{"self":[{"href":"https:\/\/tuavaluo.com\/avaluo\/wp-json\/wp\/v2\/posts\/31609"}],"collection":[{"href":"https:\/\/tuavaluo.com\/avaluo\/wp-json\/wp\/v2\/posts"}],"about":[{"href":"https:\/\/tuavaluo.com\/avaluo\/wp-json\/wp\/v2\/types\/post"}],"author":[{"embeddable":true,"href":"https:\/\/tuavaluo.com\/avaluo\/wp-json\/wp\/v2\/users\/3"}],"replies":[{"embeddable":true,"href":"https:\/\/tuavaluo.com\/avaluo\/wp-json\/wp\/v2\/comments?post=31609"}],"version-history":[{"count":0,"href":"https:\/\/tuavaluo.com\/avaluo\/wp-json\/wp\/v2\/posts\/31609\/revisions"}],"wp:attachment":[{"href":"https:\/\/tuavaluo.com\/avaluo\/wp-json\/wp\/v2\/media?parent=31609"}],"wp:term":[{"taxonomy":"category","embeddable":true,"href":"https:\/\/tuavaluo.com\/avaluo\/wp-json\/wp\/v2\/categories?post=31609"},{"taxonomy":"post_tag","embeddable":true,"href":"https:\/\/tuavaluo.com\/avaluo\/wp-json\/wp\/v2\/tags?post=31609"}],"curies":[{"name":"wp","href":"https:\/\/api.w.org\/{rel}","templated":true}]}}