{"id":32211,"date":"2021-02-25T18:23:15","date_gmt":"2021-02-25T18:23:15","guid":{"rendered":"https:\/\/tuavaluo.com\/avaluo\/2021\/02\/25\/sanidad-notifica-9-568-casos-de-coronavirus-y-345-nuevos-fallecidos-por-la-enfermedad\/"},"modified":"2021-02-25T18:23:15","modified_gmt":"2021-02-25T18:23:15","slug":"sanidad-notifica-9-568-casos-de-coronavirus-y-345-nuevos-fallecidos-por-la-enfermedad","status":"publish","type":"post","link":"https:\/\/tuavaluo.com\/avaluo\/2021\/02\/25\/sanidad-notifica-9-568-casos-de-coronavirus-y-345-nuevos-fallecidos-por-la-enfermedad\/","title":{"rendered":"Sanidad notifica 9.568 casos de coronavirus y 345 nuevos fallecidos por la enfermedad"},"content":{"rendered":"<p>En total, seg\u00fan el recuento oficial, 3.180.212 personas se han contagiado y 68.813 han muerto desde el comienzo de la pandemia por coronavirus en nuestro pa\u00eds.<\/p>\n<p><strong>Fernando Sim\u00f3n<\/strong>, director del Centro de Coordinaci\u00f3n de Alertas y Emergencias Sanitarias, ha comparecido en rueda de prensa y ha afirmado que, aunque las cifras siguen siendo muy elevadas, Espa\u00f1a sigue con una <strong>tendencia descendente<\/strong>.<\/p>\n<p>Tambi\u00e9n ha realizado una llamada para que las medidas de prevenci\u00f3n se sigan aplicando \u00abde manera muy escrupulosa\u00bb, pero \u00abse puede <strong>pensar en ir relajando algunas de las medidas<\/strong> que se est\u00e1n aplicando\u00bb.<\/p>\n<p>Respecto a las <strong>hospitalizaciones<\/strong>, ha se\u00f1alado que \u00abla ocupaci\u00f3n de UCI es ahora todav\u00eda mayor de la que ten\u00edamos en el pico de la segunda ola, por lo tanto la evoluci\u00f3n es buena, pero todav\u00eda no podemos relajarnos m\u00e1s de la cuenta\u00bb. Y es que actualmente a\u00fan hay 7 comunidades aut\u00f3nomas que tienen una ocupaci\u00f3n de UCI <strong>superior al 30%<\/strong>.<\/p>\n<p>Por su parte, <strong>Silvia Calz\u00f3n<\/strong>, secretaria de Estado de Sanidad, ha actualizado los datos de vacunaci\u00f3n, con el <strong>2,6% de la poblaci\u00f3n espa\u00f1ola con la pauta completa<\/strong> de vacunaci\u00f3n. \u00abEsta semana recibiremos m\u00e1s de un mill\u00f3n de dosis entre las de Moderna, Pfizer y de AstraZeneca\u00bb, ha afirmado.<\/p>\n<p>Ha querido se\u00f1alar que \u00abninguna vacuna, por muy buena que sea, es efectiva en el 100% de la poblaci\u00f3n. Por eso es importante conseguir que la <strong>transmisi\u00f3n del virus baje<\/strong> para sentirnos protegidos\u00bb.<\/p>\n<p>&#013;<br \/>\nSource: Bolsamania.com<\/p>\n","protected":false},"excerpt":{"rendered":"<p>En total, seg\u00fan el recuento oficial, 3.180.212 personas se han contagiado y 68.813 han muerto desde el comienzo de la&#8230;<\/p>\n","protected":false},"author":3,"featured_media":0,"comment_status":"open","ping_status":"closed","sticky":false,"template":"","format":"standard","meta":[],"categories":[104],"tags":[99],"_links":{"self":[{"href":"https:\/\/tuavaluo.com\/avaluo\/wp-json\/wp\/v2\/posts\/32211"}],"collection":[{"href":"https:\/\/tuavaluo.com\/avaluo\/wp-json\/wp\/v2\/posts"}],"about":[{"href":"https:\/\/tuavaluo.com\/avaluo\/wp-json\/wp\/v2\/types\/post"}],"author":[{"embeddable":true,"href":"https:\/\/tuavaluo.com\/avaluo\/wp-json\/wp\/v2\/users\/3"}],"replies":[{"embeddable":true,"href":"https:\/\/tuavaluo.com\/avaluo\/wp-json\/wp\/v2\/comments?post=32211"}],"version-history":[{"count":0,"href":"https:\/\/tuavaluo.com\/avaluo\/wp-json\/wp\/v2\/posts\/32211\/revisions"}],"wp:attachment":[{"href":"https:\/\/tuavaluo.com\/avaluo\/wp-json\/wp\/v2\/media?parent=32211"}],"wp:term":[{"taxonomy":"category","embeddable":true,"href":"https:\/\/tuavaluo.com\/avaluo\/wp-json\/wp\/v2\/categories?post=32211"},{"taxonomy":"post_tag","embeddable":true,"href":"https:\/\/tuavaluo.com\/avaluo\/wp-json\/wp\/v2\/tags?post=32211"}],"curies":[{"name":"wp","href":"https:\/\/api.w.org\/{rel}","templated":true}]}}