{"id":32585,"date":"2021-03-04T17:52:28","date_gmt":"2021-03-04T17:52:28","guid":{"rendered":"https:\/\/tuavaluo.com\/avaluo\/2021\/03\/04\/sanidad-notifica-6-037-casos-y-254-muertes-con-la-incidencia-bajando-a-153\/"},"modified":"2021-03-04T17:52:28","modified_gmt":"2021-03-04T17:52:28","slug":"sanidad-notifica-6-037-casos-y-254-muertes-con-la-incidencia-bajando-a-153","status":"publish","type":"post","link":"https:\/\/tuavaluo.com\/avaluo\/2021\/03\/04\/sanidad-notifica-6-037-casos-y-254-muertes-con-la-incidencia-bajando-a-153\/","title":{"rendered":"Sanidad notifica 6.037 casos y 254 muertes, con la incidencia bajando a 153"},"content":{"rendered":"<p>La cifra total de contagios en Espa\u00f1a se eleva ya a<strong> 3.142.358 desde el inicio de la pandemia<\/strong>, seg\u00fan las estad\u00edsticas oficiales. La incidencia acumulada en los \u00faltimos 14 d\u00edas por 100.000 habitantes se sit\u00faa en 153, frente a 159 ayer. En las pasadas dos semanas se ha registrado un total de 72.083 positivos.<\/p>\n<p>En el informe de este jueves se han a\u00f1adido <strong>254 nuevos fallecimientos<\/strong>, en comparaci\u00f3n con 345 el jueves pasado. Hasta 70.501 personas con prueba diagn\u00f3stica positiva han fallecido desde que el virus lleg\u00f3 a Espa\u00f1a, de acuerdo con los datos recogidos por el Ministerio. En la \u00faltima semana han fallecido 681 personas con diagn\u00f3stico de COVID-19 positivo confirmado en Espa\u00f1a.<\/p>\n<p>Actualmente, <strong>hay 10.200 pacientes ingresados por COVID-19 en toda Espa\u00f1a<\/strong> (10.788 ayer) y 2.615 en UCI (2.709 ayer). En las \u00faltimas 24 horas, se han producido 899 ingresos (952 ayer) y 1.280 altas (1.326 ayer). La tasa de ocupaci\u00f3n de camas ocupadas por coronavirus se sit\u00faa en el 8,11 por ciento (8,57% ayer) y en las UCI en el 25,44 por ciento (26,26% ayer).<\/p>\n<\/p>\n<p>&#013;<br \/>\nSource: Bolsamania.com<\/p>\n","protected":false},"excerpt":{"rendered":"<p>La cifra total de contagios en Espa\u00f1a se eleva ya a 3.142.358 desde el inicio de la pandemia, seg\u00fan las&#8230;<\/p>\n","protected":false},"author":3,"featured_media":0,"comment_status":"open","ping_status":"closed","sticky":false,"template":"","format":"standard","meta":[],"categories":[104],"tags":[99],"_links":{"self":[{"href":"https:\/\/tuavaluo.com\/avaluo\/wp-json\/wp\/v2\/posts\/32585"}],"collection":[{"href":"https:\/\/tuavaluo.com\/avaluo\/wp-json\/wp\/v2\/posts"}],"about":[{"href":"https:\/\/tuavaluo.com\/avaluo\/wp-json\/wp\/v2\/types\/post"}],"author":[{"embeddable":true,"href":"https:\/\/tuavaluo.com\/avaluo\/wp-json\/wp\/v2\/users\/3"}],"replies":[{"embeddable":true,"href":"https:\/\/tuavaluo.com\/avaluo\/wp-json\/wp\/v2\/comments?post=32585"}],"version-history":[{"count":0,"href":"https:\/\/tuavaluo.com\/avaluo\/wp-json\/wp\/v2\/posts\/32585\/revisions"}],"wp:attachment":[{"href":"https:\/\/tuavaluo.com\/avaluo\/wp-json\/wp\/v2\/media?parent=32585"}],"wp:term":[{"taxonomy":"category","embeddable":true,"href":"https:\/\/tuavaluo.com\/avaluo\/wp-json\/wp\/v2\/categories?post=32585"},{"taxonomy":"post_tag","embeddable":true,"href":"https:\/\/tuavaluo.com\/avaluo\/wp-json\/wp\/v2\/tags?post=32585"}],"curies":[{"name":"wp","href":"https:\/\/api.w.org\/{rel}","templated":true}]}}