{"id":32799,"date":"2021-03-09T16:02:09","date_gmt":"2021-03-09T16:02:09","guid":{"rendered":"https:\/\/tuavaluo.com\/avaluo\/2021\/03\/09\/cierre-perimetral-en-el-puente-de-san-jose-y-en-semana-santa-la-propuesta-de-sanidad\/"},"modified":"2021-03-09T16:02:09","modified_gmt":"2021-03-09T16:02:09","slug":"cierre-perimetral-en-el-puente-de-san-jose-y-en-semana-santa-la-propuesta-de-sanidad","status":"publish","type":"post","link":"https:\/\/tuavaluo.com\/avaluo\/2021\/03\/09\/cierre-perimetral-en-el-puente-de-san-jose-y-en-semana-santa-la-propuesta-de-sanidad\/","title":{"rendered":"Cierre perimetral en el puente de San Jos\u00e9 y en Semana Santa: la propuesta de Sanidad"},"content":{"rendered":"<p>El primero de los cierres se producir\u00e1 entre el 17 y el 21 de marzo mientras que el segundo, coincidiendo con la festividad de Semana Santa ser\u00e1 <strong>entre el 26 de marzo y el 9 de abril<\/strong>. Adem\u00e1s, plantear\u00e1n que durante estos dos periodos el toque de queda se unifique en todo el pa\u00eds, de 22.00 a .06.00 horas.<\/p>\n<p>La mayor\u00eda de los territorios han mostrado en los \u00faltimos d\u00edas su intenci\u00f3n de cerrar durante la Semana Santa. De hecho, la Comunidad de Madrid ha sido la \u00fanica que ha mostrado una postura claramente contraria llegando a afirmar que <strong>le \u00abrepugna el paternalismo\u00bb con el que se quiere cerrar<\/strong> las comunidades durante las fiestas.<\/p>\n<p>A pesar de su negativa, acatar\u00e1 las normas que se acuerden el mi\u00e9rcoles durante el Interterritorial pese a considerarlas un <strong>\u00ababuso de poder\u00bb<\/strong>. La madrile\u00f1a aboga por acordar medidas intermedias.<\/p>\n<p>Madrid es, <strong>junto a Extremadura, las Islas Canarias y las Islas Baleares<\/strong>, la \u00fanica comunidad aut\u00f3noma que actualmente no cuenta con restricciones a la movilidad. Sin embargo, si se mantienen las limitaciones por zonas b\u00e1sicas de salud.<\/p>\n<h4>PERSPECTIVAS OPTIMISTAS PARA EL VERANO<\/h4>\n<p>El objetivo de cerrar en Semana Santa no es otro que salvar el verano. De hecho, las perspectivas del Gobierno son \u00aboptimistas\u00bb gracias al avance de la vacunaci\u00f3n. El Ejecutivo de Pedro S\u00e1nchez mantienen que podr\u00edan llegar al 70% de la poblaci\u00f3n inmunizada a finales de verano.<\/p>\n<p>As\u00ed lo ha se\u00f1alado en una entrevista en Canal Sur Radio l<strong>a ministra de Industria, Comercio y Turismo, Reyes Maroto<\/strong>, una vez que ha apuntado que la Semana Santa <strong>hay que mirarlo con \u00abprudencia\u00bb<\/strong> ante los datos de incidencia de la pandemia y con la aprobaci\u00f3n este mi\u00e9rcoles de un plan en el Consejo Interterritorial de Salud para \u00abseguir avanzando en la contenci\u00f3n del virus\u00bb.<\/p>\n<p>\u00abAhora hay un elemento distinto, la vacuna, y en abril vamos a recibir cinco millones de dosis\u00bb, ha insistido Maroto, que se unen a la aprobaci\u00f3n \u00aben cuesti\u00f3n de d\u00edas\u00bb de la vacuna de Jhonson&amp;Jhonson, que <strong>\u00abnos va a dar una escala muy importante porque solo necesita una dosis\u00bb<\/strong>.<\/p>\n<p>&#013;<br \/>\nSource: Bolsamania.com<\/p>\n","protected":false},"excerpt":{"rendered":"<p>El primero de los cierres se producir\u00e1 entre el 17 y el 21 de marzo mientras que el segundo, coincidiendo&#8230;<\/p>\n","protected":false},"author":3,"featured_media":0,"comment_status":"open","ping_status":"closed","sticky":false,"template":"","format":"standard","meta":[],"categories":[104],"tags":[99],"_links":{"self":[{"href":"https:\/\/tuavaluo.com\/avaluo\/wp-json\/wp\/v2\/posts\/32799"}],"collection":[{"href":"https:\/\/tuavaluo.com\/avaluo\/wp-json\/wp\/v2\/posts"}],"about":[{"href":"https:\/\/tuavaluo.com\/avaluo\/wp-json\/wp\/v2\/types\/post"}],"author":[{"embeddable":true,"href":"https:\/\/tuavaluo.com\/avaluo\/wp-json\/wp\/v2\/users\/3"}],"replies":[{"embeddable":true,"href":"https:\/\/tuavaluo.com\/avaluo\/wp-json\/wp\/v2\/comments?post=32799"}],"version-history":[{"count":0,"href":"https:\/\/tuavaluo.com\/avaluo\/wp-json\/wp\/v2\/posts\/32799\/revisions"}],"wp:attachment":[{"href":"https:\/\/tuavaluo.com\/avaluo\/wp-json\/wp\/v2\/media?parent=32799"}],"wp:term":[{"taxonomy":"category","embeddable":true,"href":"https:\/\/tuavaluo.com\/avaluo\/wp-json\/wp\/v2\/categories?post=32799"},{"taxonomy":"post_tag","embeddable":true,"href":"https:\/\/tuavaluo.com\/avaluo\/wp-json\/wp\/v2\/tags?post=32799"}],"curies":[{"name":"wp","href":"https:\/\/api.w.org\/{rel}","templated":true}]}}