{"id":32825,"date":"2021-03-10T07:00:45","date_gmt":"2021-03-10T07:00:45","guid":{"rendered":"https:\/\/tuavaluo.com\/avaluo\/2021\/03\/10\/el-beneficio-de-inditex-cae-un-70-en-2020-por-el-covid-hasta-1-106-millones\/"},"modified":"2021-03-10T07:00:45","modified_gmt":"2021-03-10T07:00:45","slug":"el-beneficio-de-inditex-cae-un-70-en-2020-por-el-covid-hasta-1-106-millones","status":"publish","type":"post","link":"https:\/\/tuavaluo.com\/avaluo\/2021\/03\/10\/el-beneficio-de-inditex-cae-un-70-en-2020-por-el-covid-hasta-1-106-millones\/","title":{"rendered":"El beneficio de Inditex cae un 70% en 2020 por el Covid, hasta 1.106 millones"},"content":{"rendered":"<p>La compa\u00f1\u00eda ha dicho que <strong>el a\u00f1o ha estado marcado por la pandemia<\/strong>, y ha subrayado la \u00absolidez\u00bb del modelo de negocio a pesar del impacto de los cierres y las restricciones.<\/p>\n<div class=\"read-more-links\">\n<h5>Noticia relacionada<\/h5>\n<p><a class=\"readMore\" href=\"https:\/\/www.bolsamania.com\/noticias\/empresas\/inditex-presenta-resultados-cinco-claves-realmente-importan-matriz-zara--7834704.html\" rel=\"noopener noreferrer\" target=\"_blank\" data-id=\"7834704\" rel=\"nofollow\" ><\/p>\n<figure><img class=\"lazy\" title=\"Leer m&#xE1;s\" data-original=\"https:\/\/img4.s3wfg.com\/web\/img\/images_uploaded\/7\/b\/ep_el_presidente_de_inditex_pablo_isla_285x185.jpg\" data-src=\"https:\/\/img4.s3wfg.com\/web\/img\/images_uploaded\/7\/b\/ep_el_presidente_de_inditex_pablo_isla_285x185.jpg\" \/><\/figure>\n<p>Inditex presenta resultados: las cinco claves que realmente importan en la matriz de Zara <\/a><\/div>\n<p><strong>Las ventas netas cayeron un 28%, hasta los 20.402 millones<\/strong>. Las horas de venta en 2020 se redujeron un 25,5% respecto a 2019. Las ventas en tienda y online a tipo de cambio constante se redujeron un 24,5% respecto a 2019.<\/p>\n<p><strong>Las ventas online crecieron un 77% a tipo de cambio constante<\/strong>. Inditex ha destacado que 2020 ha sido tambi\u00e9n un a\u00f1o clave en la transformaci\u00f3n de la compa\u00f1\u00eda hacia un modelo de negocio totalmente integrado, digital y sostenible, con la integraci\u00f3n total de tiendas y online.<\/p>\n<p><strong>A 31 de enero de 2021, el 30% de las tiendas estaban en cierre total<\/strong> (frente al 8% a 31 de enero de 2020) y el 52% ten\u00edan restricciones.<\/p>\n<p>El margen bruto cay\u00f3 un 28%, hasta los 11.390 millones, y <strong>el EBITDA se redujo un 40%, hasta los 4.552 millones.<\/strong><\/p>\n<p>La textil ha destacado los \u00abs\u00f3lidos\u00bb resultados operativos en un entorno comercial complicado. Los gastos de explotaci\u00f3n cayeron un 17%.<\/p>\n<p>Las existencias se redujeron un 9% (sin la provisi\u00f3n del cuarto trimestre de 2019) y <strong>la posici\u00f3n financiera neta alcanz\u00f3 los 7.560 millones de euros.<\/strong><\/p>\n<div class=\"extensible fullWidth\" data-toggle=\"modal\" data-target=\"#headerModal\" data-uri=\"https:\/\/img.s3wfg.com\/web\/img\/images_uploaded\/6\/2\/inditex2020tabla.png\">\n<figure><img class=\"fullWidth\" title=\"inditex2020tabla\" src=\"\" alt=\"inditex2020tabla\" data-id=\"821160\" \/><figcaption>Resultados Inditex ejercicio 2020.<\/figcaption><span \/><\/figure>\n<\/div>\n<h3><strong>MANTIENE SU POL\u00cdTICA DE DIVIDENDO<\/strong><\/h3>\n<p>Inditex mantiene su pol\u00edtica de dividendo, <strong>con un 60% de &#8216;payout&#8217; ordinario y dividendos extraordinarios<\/strong>. El Consejo de Administraci\u00f3n de Inditex propondr\u00e1 a la Junta General de Accionistas <strong>un dividendo de 0,70 euros por acci\u00f3n para el ejercicio 2020<\/strong>. Estar\u00e1 compuesto por un dividendo ordinario de 0,22 euros y un dividendo extraordinario de 0,48 euros por acci\u00f3n. El dividendo se compone de dos pagos iguales de 0,35 euros por acci\u00f3n que se efectuar\u00e1n el 3 de mayo de 2021 y el 2 de noviembre de 2021.<\/p>\n<p>Los restantes 0,30 euros de dividendo extraordinario se pagar\u00e1n en el ejercicio 2022.<\/p>\n<h3>INICIO DE 2021<\/h3>\n<p>Inditex ha adelantado que las colecciones primavera\/verano han sido muy bien recibidas por los clientes.<\/p>\n<p>En febrero, una media de 21% de las tiendas permanecieron cerradas. A 8 de marzo el 15% de las tiendas permanec\u00edan cerradas.<\/p>\n<p><strong>La venta en tienda y online entre el 1-7 de marzo fue de -4% frente al -4% en el mismo periodo del 2020<\/strong>. Excluyendo los cinco mercados m\u00e1s relevantes total o sustancialmente cerrados en la actualidad (Alemania, Brasil, Grecia, Portugal y Reino Unido) la venta creci\u00f3 un 2%.<\/p>\n<p>Seg\u00fan la informaci\u00f3n disponible actualmente, <strong>a 12 de abril estar\u00e1n abiertas pr\u00e1cticamente el 100% de las tiendas.<\/strong><\/p>\n<p>&#013;<br \/>\nSource: Bolsamania.com<\/p>\n","protected":false},"excerpt":{"rendered":"<p>La compa\u00f1\u00eda ha dicho que el a\u00f1o ha estado marcado por la pandemia, y ha subrayado la \u00absolidez\u00bb del modelo&#8230;<\/p>\n","protected":false},"author":3,"featured_media":0,"comment_status":"open","ping_status":"closed","sticky":false,"template":"","format":"standard","meta":[],"categories":[104],"tags":[99],"_links":{"self":[{"href":"https:\/\/tuavaluo.com\/avaluo\/wp-json\/wp\/v2\/posts\/32825"}],"collection":[{"href":"https:\/\/tuavaluo.com\/avaluo\/wp-json\/wp\/v2\/posts"}],"about":[{"href":"https:\/\/tuavaluo.com\/avaluo\/wp-json\/wp\/v2\/types\/post"}],"author":[{"embeddable":true,"href":"https:\/\/tuavaluo.com\/avaluo\/wp-json\/wp\/v2\/users\/3"}],"replies":[{"embeddable":true,"href":"https:\/\/tuavaluo.com\/avaluo\/wp-json\/wp\/v2\/comments?post=32825"}],"version-history":[{"count":0,"href":"https:\/\/tuavaluo.com\/avaluo\/wp-json\/wp\/v2\/posts\/32825\/revisions"}],"wp:attachment":[{"href":"https:\/\/tuavaluo.com\/avaluo\/wp-json\/wp\/v2\/media?parent=32825"}],"wp:term":[{"taxonomy":"category","embeddable":true,"href":"https:\/\/tuavaluo.com\/avaluo\/wp-json\/wp\/v2\/categories?post=32825"},{"taxonomy":"post_tag","embeddable":true,"href":"https:\/\/tuavaluo.com\/avaluo\/wp-json\/wp\/v2\/tags?post=32825"}],"curies":[{"name":"wp","href":"https:\/\/api.w.org\/{rel}","templated":true}]}}