{"id":32870,"date":"2021-03-11T05:00:00","date_gmt":"2021-03-11T05:00:00","guid":{"rendered":"https:\/\/tuavaluo.com\/avaluo\/2021\/03\/11\/si-espana-pierde-la-crucial-temporada-de-verano-el-pib-podria-decepcionar-en-2021\/"},"modified":"2021-03-11T05:00:00","modified_gmt":"2021-03-11T05:00:00","slug":"si-espana-pierde-la-crucial-temporada-de-verano-el-pib-podria-decepcionar-en-2021","status":"publish","type":"post","link":"https:\/\/tuavaluo.com\/avaluo\/2021\/03\/11\/si-espana-pierde-la-crucial-temporada-de-verano-el-pib-podria-decepcionar-en-2021\/","title":{"rendered":"&quot;Si Espa\u00f1a pierde la crucial temporada de verano, el PIB podr\u00eda decepcionar en 2021&quot;"},"content":{"rendered":"<p>As\u00ed lo indican los expertos de la firma alemana en uno de sus \u00faltimos informes, en el que explican que Espa\u00f1a, al igual que otras econom\u00edas de Europa, \u00abparece dispuesta a recuperarse con fuerza una vez que se hayan relajado los bloqueos\u00bb impuestos para contener los contagios. Sin embargo, remarcan, \u00ablos riesgos se inclinan a la baja a corto plazo\u00bb.<\/p>\n<p>Se refieren, est\u00e1 claro, a los efectos que puede haber sobre la temporada tur\u00edstica. \u00abCon la esperada aceleraci\u00f3n del ritmo de vacunaci\u00f3n y el tiempo primaveral a la vuelta de la esquina, <strong>la econom\u00eda espa\u00f1ola parece abocada a un importante repunte una vez que se hayan levantado la mayor\u00eda de las restricciones<\/strong>\u00ab, dice Berenberg. Tras una <a href=\"https:\/\/www.bolsamania.com\/noticias\/economia\/pib-registra-historica-11-2020-coronavirus--7796628.html\" rel=\"noopener noreferrer\" target=\"_blank\" rel=\"nofollow\" ><strong>ca\u00edda del 11%<\/strong><\/a> en 2020, estos analistas proyectan que el crecimiento del PIB \u00abalcanzar\u00e1 el 6,2% este a\u00f1o, por debajo de la estimaci\u00f3n del propio Gobierno del 7,2%\u00bb. Y es que son muchos los riesgos que acechan a Espa\u00f1a.<\/p>\n<div class=\"read-more-links\">\n<h5>Noticia relacionada<\/h5>\n<p><a class=\"readMore\" href=\"https:\/\/www.bolsamania.com\/fundsnews\/noticias\/economia\/schroders-rebaja-alza-pib-espana-2021-da-perdido-verano--7837029.html\" rel=\"noopener noreferrer\" target=\"_blank\" data-id=\"7837029\" rel=\"nofollow\" ><\/p>\n<figure><img class=\"lazy\" title=\"Leer m&#xE1;s\" data-original=\"https:\/\/img2.s3wfg.com\/web\/img\/images_uploaded\/b\/f\/schroders-building_285x185.jpg\" data-src=\"https:\/\/img2.s3wfg.com\/web\/img\/images_uploaded\/b\/f\/schroders-building_285x185.jpg\" \/><\/figure>\n<p>Schroders rebaja el alza del PIB de Espa\u00f1a en 2021 y da por perdido el verano <\/a><\/div>\n<p>\u00abAunque es demasiado pronto para evaluarlo realmente, ya que las cifras son vol\u00e1tiles, la media de siete d\u00edas de infecciones registradas ha subido ligeramente en los dos \u00faltimos d\u00edas\u00bb, por lo que \u00abuna flexibilizaci\u00f3n prematura de las restricciones\u00bb permitir\u00eda que las nuevas variantes m\u00e1s contagiosas del virus se propaguen m\u00e1s r\u00e1pidamente, y \u00ablos <strong>riesgos relacionados con las insolvencias empresariales podr\u00edan retrasar la recuperaci\u00f3n<\/strong> econ\u00f3mica cuando las ayudas gubernamentales se reduzcan\u00bb, inciden los estrategas de Berenberg.<\/p>\n<p>Sus previsiones apuntan, de hecho, a que el desempleo (<a href=\"https:\/\/www.bolsamania.com\/noticias\/economia\/paro-eurozona-mantiene-81-enero-cae-en-espana-16--7831592.html\" rel=\"noopener noreferrer\" target=\"_blank\" rel=\"nofollow\" ><strong>16% en enero de 2021<\/strong><\/a>, seg\u00fan Eurostat) se sit\u00fae en una media del 16,5% en 2021 y del 15,6% en 2022, lo que no es buena noticia. A su juicio, hay \u00abdos grandes riesgos que podr\u00edan <a href=\"https:\/\/www.bolsamania.com\/noticias\/economia\/si-hay-mas-cierres-restricciones-alargan-este-sera-golpe-exacto-pib--7820608.html\" rel=\"noopener noreferrer\" target=\"_blank\" rel=\"nofollow\" ><strong>frenar la recuperaci\u00f3n<\/strong><\/a> de la econom\u00eda espa\u00f1ola\u00bb:<\/p>\n<p><strong>1. Las variantes del virus asociadas a una mayor transmisi\u00f3n y\/o a una mayor carga viral representan una mayor proporci\u00f3n de nuevas infecciones en Espa\u00f1a<\/strong><\/p>\n<p>La variante brit\u00e1nica representa ahora m\u00e1s de la mitad de los casos en el pa\u00eds, frente al 25% de mediados de febrero, e incluso llega al 90% en algunas zonas (como Asturias). \u00abSi las cifras de infecci\u00f3n siguen disminuyendo y el ritmo de vacunaci\u00f3n se acelera hasta junio, la temporada tur\u00edstica de verano podr\u00eda salvarse. Pero <strong>si la reapertura de los centros tur\u00edsticos y\/o el regreso de los turistas extranjeros se retrasa hasta el final del verano, la econom\u00eda puede sufrir mucho<\/strong>\u00ab, apunta Berenberg, que recuerda que <a href=\"https:\/\/www.bolsamania.com\/noticias\/economia\/contribucion-turismo-economia-espanola-ocho-puntos-2020-43--7785110.html\" rel=\"noopener noreferrer\" target=\"_blank\" rel=\"nofollow\" ><strong>el turismo contribuye en un 12,4% al PIB del pa\u00eds<\/strong><\/a> y representa el 12,9% de todos los empleos.<\/p>\n<p><strong>2. El recurso a los pr\u00e9stamos garantizados por el Gobierno ha sido importante<\/strong><\/p>\n<p>Como resultado, muchas menos <a href=\"https:\/\/www.bolsamania.com\/noticias\/empresas\/pymes-agarran-refinanciacion-preconcursos-pandemia-quiebras--7685837.html\" rel=\"noopener noreferrer\" target=\"_blank\" rel=\"nofollow\" ><strong>empresas quebraron<\/strong><\/a> en 2020 que en 2019 (-21% durante los tres primeros trimestres de 2020, en comparaci\u00f3n con el mismo per\u00edodo de 2019 seg\u00fan los \u00faltimos datos disponibles). \u00abAunque tiene sentido ayudar temporalmente a las empresas il\u00edquidas solventes, el <strong>Banco de Espa\u00f1a<\/strong> ha advertido que tambi\u00e9n <a href=\"https:\/\/www.bolsamania.com\/noticias\/empresas\/banco-espana-cree-una-cada-cinco-empresas-sera-insolvente-cuando-acabe-2020--7732196.html\" rel=\"noopener noreferrer\" target=\"_blank\" rel=\"nofollow\" ><strong>se est\u00e1 rescatando empresas insolventes<\/strong><\/a>, aquellas que probablemente no sobrevivir\u00e1n al impacto de la crisis a medio plazo\u00bb, recuerda la firma alemana, que cree que \u00abesto podr\u00eda tener consecuencias perjudiciales para los acreedores y el sector financiero en general\u00bb.<\/p>\n<p>Hasta ahora, el Gobierno ha decidido \u00abaplazar el problema prorrogando sistem\u00e1ticamente el r\u00e9gimen de moratoria de la deuda cuando est\u00e1 a punto de expirar\u00bb. \u00abPero <strong>no resuelve el problema y creemos que Espa\u00f1a no podr\u00e1 evitar una ola de quiebras<\/strong> cuando las medidas de apoyo lleguen a su fin\u00bb, dicen los expertos de Berenberg.<\/p>\n<h4>BUENAS PERSPECTIVAS A LARGO PLAZO&#8230; SI HAY REFORMAS<\/h4>\n<p>Eso es lo que esperan los analistas a corto plazo. Sin embargo, a largo plazo creen posible que Espa\u00f1a \u00abaumente su tasa de crecimiento tendencial si la Uni\u00f3n Europea utiliza las subvenciones del dinero comunitario para empujar a la econom\u00eda hacia reformas favorables al crecimiento\u00bb. Es decir, si la UE obliga a Espa\u00f1a a hacer determinadas reformas para acceder a los fondos, algo que Berenberg no tiene nada claro.<\/p>\n<div class=\"read-more-links\">\n<h5>Noticia relacionada<\/h5>\n<p><a class=\"readMore\" href=\"https:\/\/www.bolsamania.com\/noticias\/economia\/como-enfrentar-crisis-no-acaba-estas-son-reformas-espana-deberia-hacer--7822159.html\" rel=\"noopener noreferrer\" target=\"_blank\" data-id=\"7822159\" rel=\"nofollow\" ><\/p>\n<figure><img class=\"lazy\" title=\"Leer m&#xE1;s\" data-original=\"https:\/\/img4.s3wfg.com\/web\/img\/images_uploaded\/1\/9\/crisis-espana_285x185.jpg\" data-src=\"https:\/\/img4.s3wfg.com\/web\/img\/images_uploaded\/1\/9\/crisis-espana_285x185.jpg\" \/><\/figure>\n<p>\u00bfC\u00f3mo enfrentar la crisis que no acaba? Estas son las reformas que Espa\u00f1a deber\u00eda hacer <\/a><\/div>\n<p>\u00abSigue siendo una inc\u00f3gnita si la coalici\u00f3n de centro-izquierda de PSOE y Unidas Podemos aceptar\u00e1 y aplicar\u00e1 dichas reformas\u00bb, se\u00f1ala la firma, que recuerda que antes de la pandemia el Ejecutivo que preside Pedro S\u00e1nchez pretend\u00eda revertir la reforma laboral de 2012, que introdujo \u00abm\u00e1s flexibilidad y transform\u00f3 a Espa\u00f1a en un mercado m\u00e1s competitivo\u00bb.<\/p>\n<p>Estos expertos esperan que la Uni\u00f3n Europea pueda \u00abevitar que se produzcan retrocesos en las reformas, <a href=\"https:\/\/www.bolsamania.com\/noticias\/economia\/claves-fondos-ue-jaque-recuperacion-espanola-segun-barclays--7800887.html\" rel=\"noopener noreferrer\" target=\"_blank\" rel=\"nofollow\" ><strong>imponiendo condiciones a sus ayudas a Espa\u00f1a<\/strong><\/a> con cargo al fondo de recuperaci\u00f3n de 750.000 millones de euros\u00bb. En t\u00e9rminos absolutos, se espera que Espa\u00f1a sea <strong>el mayor receptor de los fondos, por detr\u00e1s de Italia, con m\u00e1s de 140.000 millones de euros (11% del PIB)<\/strong>. La mitad de esa cantidad (72.000 millones de euros) ser\u00e1 en forma de subvenciones, y el primer desembolso se producir\u00e1, como muy pronto, en junio.<\/p>\n<p>\u00abA cambio de los fondos de la UE, el Gobierno tendr\u00e1 que aplicar reformas estructurales para resolver problemas profundos y renunciar a su intenci\u00f3n de revertir la reforma laboral de 2012. La Comisi\u00f3n Europea ha identificado tres grandes cuestiones que requerir\u00e1n nuevas negociaciones entre Bruselas y Madrid\u00bb, dice Berenberg. Se refiere a la <strong>sostenibilidad del sistema de pensiones<\/strong>, que \u00abes deficitario desde hace diez a\u00f1os\u00bb; la <strong>elevada proporci\u00f3n de contratos temporales<\/strong>, que \u00abrepresentan el 25% del empleo, frente al 14% en el conjunto de la UE\u00bb; y la <strong>necesidad de reducir la fragmentaci\u00f3n de la normativa regional<\/strong>, que supone un aut\u00e9ntico quebradero de cabeza para las empresas.<\/p>\n<p>Algunas de estas reformas \u00abser\u00e1n impopulares y pol\u00edticamente sensibles\u00bb, e \u00abincluso pueden generar graves tensiones dentro de la coalici\u00f3n gobernante\u00bb, pero \u00aben nuestra opini\u00f3n, es la \u00fanica manera de que Espa\u00f1a se encamine hacia un crecimiento m\u00e1s tendencial despu\u00e9s de la pandemia\u00bb, concluyen estos expertos.<\/p>\n<p>&#013;<br \/>\nSource: Bolsamania.com<\/p>\n","protected":false},"excerpt":{"rendered":"<p>As\u00ed lo indican los expertos de la firma alemana en uno de sus \u00faltimos informes, en el que explican que&#8230;<\/p>\n","protected":false},"author":3,"featured_media":0,"comment_status":"open","ping_status":"closed","sticky":false,"template":"","format":"standard","meta":[],"categories":[104],"tags":[99],"_links":{"self":[{"href":"https:\/\/tuavaluo.com\/avaluo\/wp-json\/wp\/v2\/posts\/32870"}],"collection":[{"href":"https:\/\/tuavaluo.com\/avaluo\/wp-json\/wp\/v2\/posts"}],"about":[{"href":"https:\/\/tuavaluo.com\/avaluo\/wp-json\/wp\/v2\/types\/post"}],"author":[{"embeddable":true,"href":"https:\/\/tuavaluo.com\/avaluo\/wp-json\/wp\/v2\/users\/3"}],"replies":[{"embeddable":true,"href":"https:\/\/tuavaluo.com\/avaluo\/wp-json\/wp\/v2\/comments?post=32870"}],"version-history":[{"count":0,"href":"https:\/\/tuavaluo.com\/avaluo\/wp-json\/wp\/v2\/posts\/32870\/revisions"}],"wp:attachment":[{"href":"https:\/\/tuavaluo.com\/avaluo\/wp-json\/wp\/v2\/media?parent=32870"}],"wp:term":[{"taxonomy":"category","embeddable":true,"href":"https:\/\/tuavaluo.com\/avaluo\/wp-json\/wp\/v2\/categories?post=32870"},{"taxonomy":"post_tag","embeddable":true,"href":"https:\/\/tuavaluo.com\/avaluo\/wp-json\/wp\/v2\/tags?post=32870"}],"curies":[{"name":"wp","href":"https:\/\/api.w.org\/{rel}","templated":true}]}}