{"id":32897,"date":"2021-03-11T13:24:08","date_gmt":"2021-03-11T13:24:08","guid":{"rendered":"https:\/\/tuavaluo.com\/avaluo\/2021\/03\/11\/dinamarca-y-noruega-suspenden-la-vacunacion-con-astrazeneca\/"},"modified":"2021-03-11T13:24:08","modified_gmt":"2021-03-11T13:24:08","slug":"dinamarca-y-noruega-suspenden-la-vacunacion-con-astrazeneca","status":"publish","type":"post","link":"https:\/\/tuavaluo.com\/avaluo\/2021\/03\/11\/dinamarca-y-noruega-suspenden-la-vacunacion-con-astrazeneca\/","title":{"rendered":"Dinamarca y Noruega suspenden la vacunaci\u00f3n con AstraZeneca"},"content":{"rendered":"<div class=\"read-more-links\">\n<h5>Noticia relacionada<\/h5>\n<p><a class=\"readMore\" href=\"https:\/\/www.bolsamania.com\/noticias\/sanidad\/austria-retira-un-lote-de-vacunas-de-astrazeneca-tras-la-muerte-de-una-vacunada--7834006.html\" rel=\"noopener noreferrer\" target=\"_blank\" data-id=\"7834006\" rel=\"nofollow\" ><\/p>\n<figure><img class=\"lazy\" title=\"Leer m&#xE1;s\" data-original=\"https:\/\/img6.s3wfg.com\/web\/img\/images_uploaded\/4\/c\/ep_vacuna_de_astrazeneca_contra_la_covid_285x185.jpg\" data-src=\"https:\/\/img6.s3wfg.com\/web\/img\/images_uploaded\/4\/c\/ep_vacuna_de_astrazeneca_contra_la_covid_285x185.jpg\" \/><\/figure>\n<p>Austria retira un lote de dosis de AstraZeneca tras la muerte de una vacunada <\/a><\/div>\n<p>Uno de los casos est\u00e1 relacionado con una muerte, explican en un comunicado las autoridades sanitarias, que resaltan que<strong> todav\u00eda no se puede concluir que haya una relaci\u00f3n entre la vacuna y los trombos,<\/strong> indica Efe.<\/p>\n<p>La Agencia Europea del Medicamento (EMA) ha iniciado una investigaci\u00f3n al respecto, seg\u00fan la Direcci\u00f3n General de Sanidad danesa.<\/p>\n<p>Esta informaci\u00f3n llega despu\u00e9s de que trascendiera que <strong>Austria retir\u00f3 un lote de vacunas de AstraZeneca contra la COVID-19<\/strong> como medida de precauci\u00f3n despu\u00e9s de la <a href=\"https:\/\/www.bolsamania.com\/noticias\/sanidad\/austria-retira-un-lote-de-vacunas-de-astrazeneca-tras-la-muerte-de-una-vacunada--7834006.html\" target=\"_blank\"  rel=\"nofollow\" ><strong>muerte de una persona y la enfermedad de otra<\/strong><\/a> tras ser inmunizadas. La fallecida, de 49 a\u00f1os, muri\u00f3 diez d\u00edas despu\u00e9s de recibir la vacuna debido a \u00abgraves trastornos de coagulaci\u00f3n\u00bb, se ha se\u00f1alado que no existe, en principio, relaci\u00f3n causal entre lo sucedido y el f\u00e1rmaco.<\/p>\n<p>A la suspensi\u00f3n danesa se ha sumado la noruega, que pese a que este mismo mi\u00e9rcoles aprobaba el uso de las dosis de AstraZeneca en mayores de 65 a\u00f1os, ahora decide dejar de administrarla del todo entre su poblaci\u00f3n como \u00abmedida de precauci\u00f3n\u00bb.<\/p>\n<p>&#013;<br \/>\nSource: Bolsamania.com<\/p>\n","protected":false},"excerpt":{"rendered":"<p>Noticia relacionada Austria retira un lote de dosis de AstraZeneca tras la muerte de una vacunada Uno de los casos&#8230;<\/p>\n","protected":false},"author":3,"featured_media":0,"comment_status":"open","ping_status":"closed","sticky":false,"template":"","format":"standard","meta":[],"categories":[104],"tags":[99],"_links":{"self":[{"href":"https:\/\/tuavaluo.com\/avaluo\/wp-json\/wp\/v2\/posts\/32897"}],"collection":[{"href":"https:\/\/tuavaluo.com\/avaluo\/wp-json\/wp\/v2\/posts"}],"about":[{"href":"https:\/\/tuavaluo.com\/avaluo\/wp-json\/wp\/v2\/types\/post"}],"author":[{"embeddable":true,"href":"https:\/\/tuavaluo.com\/avaluo\/wp-json\/wp\/v2\/users\/3"}],"replies":[{"embeddable":true,"href":"https:\/\/tuavaluo.com\/avaluo\/wp-json\/wp\/v2\/comments?post=32897"}],"version-history":[{"count":0,"href":"https:\/\/tuavaluo.com\/avaluo\/wp-json\/wp\/v2\/posts\/32897\/revisions"}],"wp:attachment":[{"href":"https:\/\/tuavaluo.com\/avaluo\/wp-json\/wp\/v2\/media?parent=32897"}],"wp:term":[{"taxonomy":"category","embeddable":true,"href":"https:\/\/tuavaluo.com\/avaluo\/wp-json\/wp\/v2\/categories?post=32897"},{"taxonomy":"post_tag","embeddable":true,"href":"https:\/\/tuavaluo.com\/avaluo\/wp-json\/wp\/v2\/tags?post=32897"}],"curies":[{"name":"wp","href":"https:\/\/api.w.org\/{rel}","templated":true}]}}