{"id":32898,"date":"2021-03-11T13:11:45","date_gmt":"2021-03-11T13:11:45","guid":{"rendered":"https:\/\/tuavaluo.com\/avaluo\/2021\/03\/11\/el-bce-incrementara-las-compras-del-pepp-para-mantener-financiacion-e-inflacion\/"},"modified":"2021-03-11T13:11:45","modified_gmt":"2021-03-11T13:11:45","slug":"el-bce-incrementara-las-compras-del-pepp-para-mantener-financiacion-e-inflacion","status":"publish","type":"post","link":"https:\/\/tuavaluo.com\/avaluo\/2021\/03\/11\/el-bce-incrementara-las-compras-del-pepp-para-mantener-financiacion-e-inflacion\/","title":{"rendered":"El BCE incrementar\u00e1 las compras del PEPP para mantener financiaci\u00f3n e inflaci\u00f3n"},"content":{"rendered":"<div class=\"read-more-links\">\n<h5>Noticia relacionada<\/h5>\n<p><a class=\"readMore\" href=\"https:\/\/www.bolsamania.com\/en-directo\/economia\/bce-reunion-marzo-lagarde-inflacion-bonos.html\" rel=\"noopener noreferrer\" target=\"_blank\" data-id=\"7838652\" rel=\"nofollow\" ><\/p>\n<figure><img class=\"lazy\" title=\"Leer m&#xE1;s\" data-original=\"https:\/\/img4.s3wfg.com\/web\/img\/images_uploaded\/f\/9\/lagardeenero2021_285x185.png\" data-src=\"https:\/\/img4.s3wfg.com\/web\/img\/images_uploaded\/f\/9\/lagardeenero2021_285x185.png\" \/><\/figure>\n<p>El mercado espera a Lagarde tras incrementar \u00absignificativamente\u00bb las compras del PEPP <\/a><\/div>\n<p>Adem\u00e1s, el comunicado del Consejo de Gobierno del banco central, que ha atacado el tema que m\u00e1s preocupaba al mercado en su primer p\u00e1rrafo, \u00abseguir\u00e1 efectuando compras netas de activos en el marco del programa de compras de emergencia frente a la pandemia (PEPP) con una<strong> dotaci\u00f3n total de 1,85 billones de euros al menos hasta el final de marzo de 2022<\/strong> y, en todo caso, hasta que considere que la fase de crisis del coronavirus ha terminado\u00bb.<\/p>\n<p>El instituto emisor ha especificado que \u00abrealizar\u00e1 las compras con flexibilidad de acuerdo con las condiciones de mercado y <strong>con vistas a evitar un endurecimiento de las condiciones de financiaci\u00f3n<\/strong> incompatible con el objetivo de contrarrestar el impacto a la baja de la pandemia en la senda de inflaci\u00f3n proyectada\u00bb. Por otra parte, la flexibilidad de las compras a lo largo del tiempo, entre distintas clases de activos y entre jurisdicciones \u00abseguir\u00e1 respaldando la<strong> transmisi\u00f3n fluida de la pol\u00edtica monetaria<\/strong>\u00ab.<\/p>\n<p>En instituto emisor ha vuelto a hacer hincapi\u00e9 sobre que esta flexibilidad a la que tanto apela engloba la cantidad total del programa. \u00abSi las condiciones de financiaci\u00f3n favorables pueden mantenerse con unos flujos de compras de activos que no agoten la dotaci\u00f3n del programa durante el horizonte de las compras netas del PEPP, <strong>no ser\u00e1 necesario utilizar la dotaci\u00f3n \u00edntegramente<\/strong>. Asimismo, esta dotaci\u00f3n puede recalibrarse si es necesario para mantener unas condiciones de financiaci\u00f3n favorables que contribuyan a contrarrestar el impacto negativo de la pandemia en la senda de inflaci\u00f3n\u00bb, ha dicho.<\/p>\n<p>El Consejo de Gobierno continuar\u00e1 reinvirtiendo el principal de los valores adquiridos en el marco del PEPP que vayan venciendo al menos hasta el final de 2023. En todo caso, la futura extinci\u00f3n de la cartera del PEPP se gestionar\u00e1 de forma que se eviten interferencias con la orientaci\u00f3n adecuada de la pol\u00edtica monetaria.<\/p>\n<p>Con respecto al resto de instrumentos, el banco central seguir\u00e1 realizando <strong>compras netas de activos bajo su programa est\u00e1ndar (APP)<\/strong> a un ritmo mensual de 20.000 millones netos \u00abdurante tanto tiempo como sea necesario\u00bb. El BCE reinvertir\u00e1 los fondos de la deuda que venza durante un periodo de tiempo \u00abprolongado\u00bb despu\u00e9s de que empiece a subir los tipos de inter\u00e9s.<\/p>\n<p>En \u00faltimo lugar, la autoridad monetaria ha indicado que seguir\u00e1 <strong>proporcionado \u00abamplia liquidez\u00bb<\/strong> a trav\u00e9s de sus operaciones de refinanciaci\u00f3n, especialmente a trav\u00e9s del tercer programa de operaciones de refinanciaci\u00f3n a largo plazo con objetivo espec\u00edfico (TLTRO-III).<\/p>\n<p>En cuanto al precio del dinero, como era m\u00e1s que esperado, el banco central ha anunciado que el tipo de inter\u00e9s de las operaciones principales de financiaci\u00f3n y los tipos de inter\u00e9s de la facilidad marginal de cr\u00e9dito y de la facilidad de dep\u00f3sito se mantendr\u00e1n <strong>sin variaci\u00f3n en el 0,00 %, 0,25 % y -0,50 %, respectivamente<\/strong>.<\/p>\n<p>El Consejo de Gobierno ha dicho que espera que los tipos de inter\u00e9s oficiales del BCE contin\u00faen en los niveles actuales, o en niveles inferiores, hasta que observe una convergencia s\u00f3lida de las perspectivas de inflaci\u00f3n hasta un nivel suficientemente pr\u00f3ximo, aunque inferior, al 2 % en su horizonte de proyecci\u00f3n, y dicha convergencia se haya reflejado de forma consistente en la evoluci\u00f3n de la inflaci\u00f3n subyacente.<\/p>\n<p><strong>INFLACI\u00d3N Y PIB<\/strong><\/p>\n<p>El producto interior bruto (PIB) de la zona euro registr\u00f3 una<strong> contracci\u00f3n anual del 4,9% en el cuarto trimestre de 2020<\/strong>, frente a la ca\u00edda del 4,2% de los tres meses anteriores, de acuerdo a los \u00faltimos datos publicados por Eurostat, la oficina de estad\u00edstica comunitaria.<\/p>\n<p>Por otro lado, <strong>los precios registraron en el mes de febrero una inflaci\u00f3n del 0,9%<\/strong>, la misma que en el mes anterior, debido a que la contracci\u00f3n menos abultada de la energ\u00eda compens\u00f3 los menores incrementos en alimentos, servicios y bienes industriales.<\/p>\n<p>Asimismo, la tasa interanual de inflaci\u00f3n subyacente de los pa\u00edses que han adoptado el euro como moneda com\u00fan, que es el resultado de excluir del c\u00e1lculo la evoluci\u00f3n de los precios de la energ\u00eda, los alimentos frescos, el alcohol y el tabaco, <strong>se redujo en tres d\u00e9cimas, hasta el 1,1%<\/strong>.<\/p>\n<p>Con respecto al desempleo, la tasa de enero de la zona euro, la \u00faltima disponible, mantuvo estable en el 8,1. En el conjunto de la UE, el paro se tambi\u00e9n se mantuvo invariable en el 7,3%.<\/p>\n<p>&#013;<br \/>\nSource: Bolsamania.com<\/p>\n","protected":false},"excerpt":{"rendered":"<p>Noticia relacionada El mercado espera a Lagarde tras incrementar \u00absignificativamente\u00bb las compras del PEPP Adem\u00e1s, el comunicado del Consejo de&#8230;<\/p>\n","protected":false},"author":3,"featured_media":0,"comment_status":"open","ping_status":"closed","sticky":false,"template":"","format":"standard","meta":[],"categories":[104],"tags":[99],"_links":{"self":[{"href":"https:\/\/tuavaluo.com\/avaluo\/wp-json\/wp\/v2\/posts\/32898"}],"collection":[{"href":"https:\/\/tuavaluo.com\/avaluo\/wp-json\/wp\/v2\/posts"}],"about":[{"href":"https:\/\/tuavaluo.com\/avaluo\/wp-json\/wp\/v2\/types\/post"}],"author":[{"embeddable":true,"href":"https:\/\/tuavaluo.com\/avaluo\/wp-json\/wp\/v2\/users\/3"}],"replies":[{"embeddable":true,"href":"https:\/\/tuavaluo.com\/avaluo\/wp-json\/wp\/v2\/comments?post=32898"}],"version-history":[{"count":0,"href":"https:\/\/tuavaluo.com\/avaluo\/wp-json\/wp\/v2\/posts\/32898\/revisions"}],"wp:attachment":[{"href":"https:\/\/tuavaluo.com\/avaluo\/wp-json\/wp\/v2\/media?parent=32898"}],"wp:term":[{"taxonomy":"category","embeddable":true,"href":"https:\/\/tuavaluo.com\/avaluo\/wp-json\/wp\/v2\/categories?post=32898"},{"taxonomy":"post_tag","embeddable":true,"href":"https:\/\/tuavaluo.com\/avaluo\/wp-json\/wp\/v2\/tags?post=32898"}],"curies":[{"name":"wp","href":"https:\/\/api.w.org\/{rel}","templated":true}]}}