{"id":33053,"date":"2021-03-16T17:28:17","date_gmt":"2021-03-16T17:28:17","guid":{"rendered":"https:\/\/tuavaluo.com\/avaluo\/2021\/03\/16\/gobierno-y-agentes-sociales-se-reunen-el-miercoles-para-desmontar-la-reforma-laboral\/"},"modified":"2021-03-16T17:28:17","modified_gmt":"2021-03-16T17:28:17","slug":"gobierno-y-agentes-sociales-se-reunen-el-miercoles-para-desmontar-la-reforma-laboral","status":"publish","type":"post","link":"https:\/\/tuavaluo.com\/avaluo\/2021\/03\/16\/gobierno-y-agentes-sociales-se-reunen-el-miercoles-para-desmontar-la-reforma-laboral\/","title":{"rendered":"Gobierno y agentes sociales se re\u00fanen el mi\u00e9rcoles para desmontar la reforma laboral"},"content":{"rendered":"<p>Yolanda D\u00edaz, ministra de Trabajo, fue quien anunci\u00f3 la convocatoria de esta mesa nada m\u00e1s cerrar con los agentes sociales la ley que regulariza la situaci\u00f3n de los repartidores, conocida como &#8216;Ley de Riders&#8217;. Con esta mesa de di\u00e1logo social, dijo entonces D\u00edaz, \u00abempieza una gran tarea de transformaci\u00f3n y de reformas estructurales\u00bb en Espa\u00f1a.<\/p>\n<p>Algunas de las materias que formar\u00e1n parte de esta mesa, como la prevalencia del convenio sectorial sobre el de empresa, la &#8216;ultraactividad&#8217; y la subcontrataci\u00f3n, son &#8216;viejas conocidas&#8217;, pues <strong>los agentes sociales las estuvieron negociando con el Gobierno socialista en la anterior legislatura<\/strong>.<\/p>\n<p>Ahora, en esta nueva mesa, que arrancar\u00e1 el mi\u00e9rcoles a las 16.30 horas, se retomar\u00e1n las conversaciones sobre dichos asuntos, pero se a\u00f1adir\u00e1n otras muchas para dar cumplimiento a los compromisos que el Gobierno espa\u00f1ol asumi\u00f3 en las fichas remitidas a Bruselas.<\/p>\n<p>\u00abEs un enorme reto para el Gobierno y para los agentes sociales. (&#8230;) Vamos a estar encerrados, casi como si fuera una oposici\u00f3n, para desplegar todos los efectos, porque nos hemos comprometido ante Bruselas y porque el Gobierno y los agentes sociales quieren abordar estas reformas\u00bb, subray\u00f3 la ministra hace unos d\u00edas.<\/p>\n<p>En las propuestas enviadas a Bruselas, el Gobierno plantea <strong>generalizar el contrato indefinido, devolver la causalidad a los contratos temporales y simplificar la contrataci\u00f3n<\/strong>, reordenando las modalidades de contrataci\u00f3n laboral, as\u00ed como por <strong>introducir mecanismos de flexibilidad para las empresas<\/strong> alternativos a la excesiva temporalidad.<\/p>\n<div class=\"read-more-links\">\n<h5>Noticia relacionada<\/h5>\n<p><a class=\"readMore\" href=\"https:\/\/www.bolsamania.com\/noticias\/economia\/gobierno-agentes-sociales-negociacion-erte--7772897.html\" rel=\"noopener noreferrer\" target=\"_blank\" data-id=\"7772897\" rel=\"nofollow\" ><\/p>\n<figure><img class=\"lazy\" title=\"Leer m&#xE1;s\" data-original=\"https:\/\/img6.s3wfg.com\/web\/img\/images_uploaded\/7\/d\/ep_i-d_el_presidente_de_ceoe_antonio_garamendi_el_lider_de_ugt_pepe_alvarez_la_ministra_de_trabajo_285x185.jpg\" data-src=\"https:\/\/img6.s3wfg.com\/web\/img\/images_uploaded\/7\/d\/ep_i-d_el_presidente_de_ceoe_antonio_garamendi_el_lider_de_ugt_pepe_alvarez_la_ministra_de_trabajo_285x185.jpg\" \/><\/figure>\n<p>Gobierno y agentes sociales reanudan la negociaci\u00f3n sobre los ERTE <\/a><\/div>\n<p>Respecto a este \u00faltimo punto, el documento remitido a Bruselas por el Ejecutivo apuesta por penalizar el uso excesivo de contratos de muy corta duraci\u00f3n y atajar el fraude laboral.<\/p>\n<p>Al mismo tiempo, el Gobierno aboga por la creaci\u00f3n de un modelo permanente de expedientes de regulaci\u00f3n temporal de empleo (ERTE) como \u00abun instrumento de flexibilidad alternativo al ajuste externo del empleo ante perturbaciones negativas\u00bb.<\/p>\n<p>Por otro lado, el Ejecutivo quiere <strong>revisar las subvenciones y bonificaciones a la contrataci\u00f3n temporal<\/strong>. Entre las medidas para conseguirlo, se encuentran la simplificaci\u00f3n de los incentivos y requisitos a las empresas beneficiaras para centrarse en la empleabilidad de los desempleados y que vayan para contratos indefinidos.<\/p>\n<p><strong>LOS SINDICATOS DEFIENDEN QUE \u00abAHORA S\u00cd TOCA\u00bb<\/strong><\/p>\n<p>CCOO y UGT, por su parte, llevan tiempo demandando con urgencia el desmontaje de la reforma laboral de 2012. De hecho, bajo el lema &#8216;Ahora s\u00ed toca&#8217;, los dos sindicatos llevan un par de meses moviliz\u00e1ndose los d\u00edas 11 de cada mes para reivindicar la derogaci\u00f3n de la reforma laboral de 2012.<\/p>\n<p>En frente tienen a <strong>la patronal, reacia a tocar una reforma<\/strong> <strong>que considera que ha funcionado<\/strong> y que ha recibido el aval de organismos internacionales.<\/p>\n<p>En todo caso, los empresarios han se\u00f1alado que, a la hora de abordar los cambios del marco laboral, se debe \u00abquitar el foco de lo ideol\u00f3gico\u00bb y ponerlo sobre la productividad y la flexibilidad.<\/p>\n<p>El secretario general de CCOO, Unai Sordo, ha valorado favorablemente que ma\u00f1ana se vaya a reactivar la mesa de negociaci\u00f3n para el desmontaje de la reforma laboral y ha resaltado que su puesta en marcha, que es \u00abmuy importante\u00bb, viene <strong>precedida de dos movilizaciones sindicales<\/strong> que han exigido que se retomase.<\/p>\n<p>\u00abTenemos que abordar esta negociaci\u00f3n porque en la segunda parte del a\u00f1o, cuando se recupere la actividad econ\u00f3mica, Espa\u00f1a seguir\u00e1 teniendo un riesgo muy importante de devaluaci\u00f3n de los salarios, seguir\u00e1 sufriendo t\u00e9rminos de precariedad laboral \u00abalt\u00edsima\u00bb y muchas de las responsabilidades de esta situaci\u00f3n tiene la actual legislaci\u00f3n, que se impuso con la reforma laboral del PP\u00bb, seg\u00fan Sordo.<\/p>\n<div class=\"read-more-links\">\n<h5>Noticia relacionada<\/h5>\n<p><a class=\"readMore\" href=\"https:\/\/www.bolsamania.com\/noticias\/economia\/garamendi-afirma-no-buen-momento-reforma-laboral--7710151.html\" rel=\"noopener noreferrer\" target=\"_blank\" data-id=\"7710151\" rel=\"nofollow\" ><\/p>\n<figure><img class=\"lazy\" title=\"Leer m&#xE1;s\" data-original=\"https:\/\/img5.s3wfg.com\/web\/img\/images_uploaded\/3\/d\/ep_el_presidente_de_la_ceoe_antonio_garamendi_en_una_imagen_de_archivo_20201112154305_285x185.jpg\" data-src=\"https:\/\/img5.s3wfg.com\/web\/img\/images_uploaded\/3\/d\/ep_el_presidente_de_la_ceoe_antonio_garamendi_en_una_imagen_de_archivo_20201112154305_285x185.jpg\" \/><\/figure>\n<p>Garamendi (CEOE) afirma que no es buen momento para la reforma laboral <\/a><\/div>\n<p>El l\u00edder sindical ha afirmado que quiere plantear dos fases de negociaci\u00f3n, una primera en la que se eliminen los aspectos m\u00e1s lesivos de la reforma laboral y, posteriormente, a partir de ah\u00ed emprender una fase de negociaci\u00f3n<strong> para mejorar la estabilidad en el empleo<\/strong>.<\/p>\n<p>Sordo ha remarcado que <strong>es importante estabilizar la contrataci\u00f3n<\/strong> y que \u00abel despido sea el \u00faltimo recurso\u00bb. As\u00ed, ha incidido en que modernizar el modelo laboral espa\u00f1ol pensando en el siglo XXI \u00abrequiere corregir\u00bb los aspectos de la reforma de 2012 \u00abque se hicieron pensando en el siglo XIX\u00bb.<\/p>\n<p>\u00abEsperemos que se pueda llegar a un acuerdo y que, si no, el Gobierno tome medidas encaminadas a recuperar los derechos laborales y a equilibrar las relaciones entre el empresariado y los trabajadores\u00bb, ha a\u00f1adido.<\/p>\n<p><strong>CSIF Y USO PIDEN PARTICIPAR<\/strong><\/p>\n<p>La Central Sindical Independiente y de Funcionarios (CSIF) y la Uni\u00f3n Sindical Obrera (USO) remitieron este lunes una carta a la ministra de Trabajo y Econom\u00eda Social, Yolanda D\u00edaz, para reclamarle participar en las pr\u00f3ximas reuniones del di\u00e1logo social, aunque siguen sin obtener respuesta por parte de esta.<\/p>\n<p>En un comunicado conjunto, ambos sindicatos apuntaron ayer que <strong>su presencia en las mesas de di\u00e1logo social est\u00e1 \u00abtotalmente justificada\u00bb<\/strong> por la coyuntura actual y la emergencia laboral y social.<\/p>\n<p>Tanto CSIF como USO creen que es necesario \u00absuperar viejas rutinas que poco ayudan a la mejor b\u00fasqueda de soluciones\u00bb y debatir y construir con \u00abuna mayor\u00eda sindical m\u00e1s ampl\u00eda\u00bb.<\/p>\n<p>\u00abEs f\u00e1cilmente posible buscar f\u00f3rmulas no contradictorias con la legislaci\u00f3n, que privilegia exclusivamente a los denominados m\u00e1s representativos\u00bb, seg\u00fan CSIF y USO, que consideran que su presencia ser\u00eda posible en las fases de an\u00e1lisis y propuestas, \u00abdado que no son exclusivas de los m\u00e1s representativos\u00bb.<\/p>\n<p>&#013;<br \/>\nSource: Bolsamania.com<\/p>\n","protected":false},"excerpt":{"rendered":"<p>Yolanda D\u00edaz, ministra de Trabajo, fue quien anunci\u00f3 la convocatoria de esta mesa nada m\u00e1s cerrar con los agentes sociales&#8230;<\/p>\n","protected":false},"author":3,"featured_media":0,"comment_status":"open","ping_status":"closed","sticky":false,"template":"","format":"standard","meta":[],"categories":[104],"tags":[99],"_links":{"self":[{"href":"https:\/\/tuavaluo.com\/avaluo\/wp-json\/wp\/v2\/posts\/33053"}],"collection":[{"href":"https:\/\/tuavaluo.com\/avaluo\/wp-json\/wp\/v2\/posts"}],"about":[{"href":"https:\/\/tuavaluo.com\/avaluo\/wp-json\/wp\/v2\/types\/post"}],"author":[{"embeddable":true,"href":"https:\/\/tuavaluo.com\/avaluo\/wp-json\/wp\/v2\/users\/3"}],"replies":[{"embeddable":true,"href":"https:\/\/tuavaluo.com\/avaluo\/wp-json\/wp\/v2\/comments?post=33053"}],"version-history":[{"count":0,"href":"https:\/\/tuavaluo.com\/avaluo\/wp-json\/wp\/v2\/posts\/33053\/revisions"}],"wp:attachment":[{"href":"https:\/\/tuavaluo.com\/avaluo\/wp-json\/wp\/v2\/media?parent=33053"}],"wp:term":[{"taxonomy":"category","embeddable":true,"href":"https:\/\/tuavaluo.com\/avaluo\/wp-json\/wp\/v2\/categories?post=33053"},{"taxonomy":"post_tag","embeddable":true,"href":"https:\/\/tuavaluo.com\/avaluo\/wp-json\/wp\/v2\/tags?post=33053"}],"curies":[{"name":"wp","href":"https:\/\/api.w.org\/{rel}","templated":true}]}}