{"id":33054,"date":"2021-03-16T17:18:11","date_gmt":"2021-03-16T17:18:11","guid":{"rendered":"https:\/\/tuavaluo.com\/avaluo\/2021\/03\/16\/sp-destaca-que-las-reformas-han-triplicado-la-capacidad-de-espana-para-crear-empleo\/"},"modified":"2021-03-16T17:18:11","modified_gmt":"2021-03-16T17:18:11","slug":"sp-destaca-que-las-reformas-han-triplicado-la-capacidad-de-espana-para-crear-empleo","status":"publish","type":"post","link":"https:\/\/tuavaluo.com\/avaluo\/2021\/03\/16\/sp-destaca-que-las-reformas-han-triplicado-la-capacidad-de-espana-para-crear-empleo\/","title":{"rendered":"S&amp;P destaca que las reformas han triplicado la capacidad de Espa\u00f1a para crear empleo"},"content":{"rendered":"<p>\u00abLas reformas estructurales de los \u00faltimos diez a\u00f1os han hecho los <strong>mercados laborales un poco m\u00e1s flexibles<\/strong> en Europa. Esto significa que las empresas ser\u00e1n m\u00e1s r\u00e1pidas a la hora de crear empleo a medida que sus negocios se expandan de nuevo. Esto es <strong>especialmente cierto en Espa\u00f1a<\/strong>, como resultado de haber aprobado m\u00e1s reformas estructurales de calado que en otras partes\u00bb, han asegurado los analistas de S&amp;P Sylvain Broyer y Marion Amiot.<\/p>\n<div class=\"read-more-links\">\n<h5>Noticia relacionada<\/h5>\n<p><a class=\"readMore\" href=\"https:\/\/www.bolsamania.com\/noticias\/empresas\/sp-mantiene-el-rating-de-red-electrica-en-a--y-su-perspectiva-en-estable--7842229.html\" rel=\"noopener noreferrer\" target=\"_blank\" data-id=\"7842229\" rel=\"nofollow\" ><\/p>\n<figure><img class=\"lazy\" title=\"Leer m&#xE1;s\" data-original=\"https:\/\/img1.s3wfg.com\/web\/img\/images_uploaded\/5\/5\/ep_archivo_-_la_agencia_de_calificacion_crediticia_sp_global_ha_rebajado_de_estable_a_negativa_la_285x185.jpg\" data-src=\"https:\/\/img1.s3wfg.com\/web\/img\/images_uploaded\/5\/5\/ep_archivo_-_la_agencia_de_calificacion_crediticia_sp_global_ha_rebajado_de_estable_a_negativa_la_285x185.jpg\" \/><\/figure>\n<p>S&amp;P mantiene el rating de Red El\u00e9ctrica en &#8216;A-&#8216; y su perspectiva en &#8216;estable&#8217; <\/a><\/div>\n<p>En este sentido, la agencia de rating ha asegurado que las reformas laborales de Espa\u00f1a, aprobadas en su mayor parte durante la legislatura del primer Gobierno del PP tras la crisis (2011-2015), \u00abhan m\u00e1s que triplicado la capacidad de reacci\u00f3n del empleo ante el PIB\u00bb. <strong>Este cambio no se ha producido en ninguna otra gran econom\u00eda de la UE<\/strong>, debido en parte a una aprobaci\u00f3n m\u00e1s tard\u00eda de las reformas laborales.<\/p>\n<p>S&amp;P destaca el <strong>efecto sobre el empleo en la flexibilidad de las empresas<\/strong>, la prevalencia de los convenios de empresa frente a los sectoriales, el abaratamiento del despido, la reducci\u00f3n de las protecciones de empleados indefinidos y las reformas de pensiones de 2011 y 2013, entre otras.<\/p>\n<p><strong>R\u00c1PIDA RECUPERACI\u00d3N DEL EMPLEO EN EUROPA<\/strong><\/p>\n<p>La mayor parte del informe de la agencia de rating <strong>se centra en las previsiones de empleo para la Uni\u00f3n Europea<\/strong> incorporando el impacto amortiguador de los esquemas de reducci\u00f3n de empleo en los diferentes pa\u00edses (como los ERTE en Espa\u00f1a).<\/p>\n<p>De acuerdo con S&amp;P, estos esquemas, as\u00ed como el retraso en las quiebras, \u00abhan amortiguado el impacto de la pandemia en el mercado laboral\u00bb. De esta forma, <strong>el empleo de la zona euro ha sido un 60% menos sensible a la crisis del Covid-19 que a la crisis financiera de 2008<\/strong>.<\/p>\n<p>El uso generalizado de estas figuras provocar\u00e1 que la recuperaci\u00f3n del empleo \u00abtardar\u00e1 m\u00e1s en mostrarse en la tasa de paro\u00bb. Esto es as\u00ed porque a medida que se recupera la actividad, las empresas incorporar\u00e1n a los trabajadores en ERTE y en otros esquemas similares antes de realizar nuevos contratos. Seg\u00fan los c\u00e1lculos de S&amp;P, <strong>tendr\u00e1n que pasar dos o tres trimestres una vez se recupere la econom\u00eda para ver un crecimiento neto en el empleo<\/strong>. Esto significa que solo a comienzos de 2023 se volver\u00e1n a recuperar la senda de crecimiento del mercado laboral.<\/p>\n<p>En cualquier caso, la calificadora de riesgos considera que <strong>la recuperaci\u00f3n ser\u00e1 m\u00e1s r\u00e1pida que hace 12 a\u00f1os<\/strong> porque los empleos perdidos no son excesivamente cualificados y porque la crisis se debe a un &#8216;shock&#8217; externo y no a un desequilibrio interno.<\/p>\n<p>&#013;<br \/>\nSource: Bolsamania.com<\/p>\n","protected":false},"excerpt":{"rendered":"<p>\u00abLas reformas estructurales de los \u00faltimos diez a\u00f1os han hecho los mercados laborales un poco m\u00e1s flexibles en Europa. Esto&#8230;<\/p>\n","protected":false},"author":3,"featured_media":0,"comment_status":"open","ping_status":"closed","sticky":false,"template":"","format":"standard","meta":[],"categories":[104],"tags":[99],"_links":{"self":[{"href":"https:\/\/tuavaluo.com\/avaluo\/wp-json\/wp\/v2\/posts\/33054"}],"collection":[{"href":"https:\/\/tuavaluo.com\/avaluo\/wp-json\/wp\/v2\/posts"}],"about":[{"href":"https:\/\/tuavaluo.com\/avaluo\/wp-json\/wp\/v2\/types\/post"}],"author":[{"embeddable":true,"href":"https:\/\/tuavaluo.com\/avaluo\/wp-json\/wp\/v2\/users\/3"}],"replies":[{"embeddable":true,"href":"https:\/\/tuavaluo.com\/avaluo\/wp-json\/wp\/v2\/comments?post=33054"}],"version-history":[{"count":0,"href":"https:\/\/tuavaluo.com\/avaluo\/wp-json\/wp\/v2\/posts\/33054\/revisions"}],"wp:attachment":[{"href":"https:\/\/tuavaluo.com\/avaluo\/wp-json\/wp\/v2\/media?parent=33054"}],"wp:term":[{"taxonomy":"category","embeddable":true,"href":"https:\/\/tuavaluo.com\/avaluo\/wp-json\/wp\/v2\/categories?post=33054"},{"taxonomy":"post_tag","embeddable":true,"href":"https:\/\/tuavaluo.com\/avaluo\/wp-json\/wp\/v2\/tags?post=33054"}],"curies":[{"name":"wp","href":"https:\/\/api.w.org\/{rel}","templated":true}]}}