{"id":33075,"date":"2021-03-17T09:18:57","date_gmt":"2021-03-17T09:18:57","guid":{"rendered":"https:\/\/tuavaluo.com\/avaluo\/2021\/03\/17\/pfizer-baraja-el-aumento-del-precio-de-su-vacuna-tras-la-disminucion-de-la-pandemia\/"},"modified":"2021-03-17T09:18:57","modified_gmt":"2021-03-17T09:18:57","slug":"pfizer-baraja-el-aumento-del-precio-de-su-vacuna-tras-la-disminucion-de-la-pandemia","status":"publish","type":"post","link":"https:\/\/tuavaluo.com\/avaluo\/2021\/03\/17\/pfizer-baraja-el-aumento-del-precio-de-su-vacuna-tras-la-disminucion-de-la-pandemia\/","title":{"rendered":"Pfizer baraja el aumento del precio de su vacuna tras la disminuci\u00f3n de la pandemia"},"content":{"rendered":"<p>La posibilidad fue planteada por Carter Lewis Gould, analista senior de Biopharma Equity Research en Barclays, durante una conferencia virtual sobre salud global organizada por el banco. Gould, refiri\u00e9ndose a los comentarios realizados por los ejecutivos de Pfizer durante el verano, <strong>pregunt\u00f3 si la compa\u00f1\u00eda farmac\u00e9utica todav\u00eda preve\u00eda buscar \u00abprecios m\u00e1s altos\u00bb a medida que \u00abpasamos de una fase pand\u00e9mica a una fase end\u00e9mica\u00bb.<\/strong><\/p>\n<p>En respuesta, Frank A. D&#8217;Amelio, director financiero y vicepresidente ejecutivo de suministro global de Pfizer, dijo que <strong>la compa\u00f1\u00eda anticipa una \u00aboportunidad significativa\u00bb para su vacuna \u00abdesde una perspectiva de precios\u00bb<\/strong> a medida que pasemos \u00abde una situaci\u00f3n pand\u00e9mica a una situaci\u00f3n end\u00e9mica\u00bb.<\/p>\n<p>\u00abSi se observa c\u00f3mo se est\u00e1 moviendo la demanda actual y los precios actuales, est\u00e1 claro que no lo est\u00e1n haciendo por lo que llamar\u00e9 condiciones normales del mercado, si no por el estado de pandemia en el que nos encontramos y por las necesidades de los gobiernos de conseguir dosis de los distintos proveedores de vacunas\u00bb, explic\u00f3 D&#8217;Amelio. \u00abAs\u00ed que lo que creemos, lo que yo creo, es que, a medida que pasemos de un estado pand\u00e9mico a una situaci\u00f3n end\u00e9mica, <strong>las fuerzas normales del mercado empezar\u00e1n a actuar<\/strong>. Y factores como la eficacia, la capacidad de refuerzo o la utilidad cl\u00ednica ser\u00e1n b\u00e1sicamente muy importantes, y lo vemos como, francamente, <strong>una oportunidad significativa para nuestra vacuna desde una perspectiva de demanda, desde una perspectiva de precios<\/strong>, dado el perfil cl\u00ednico de nuestra vacuna\u00bb, a\u00f1adi\u00f3. \u00abAs\u00ed que, claramente, quedan cosas por venir sobre este asunto\u00bb, concluy\u00f3.<\/p>\n<p>&#013;<br \/>\nSource: Bolsamania.com<\/p>\n","protected":false},"excerpt":{"rendered":"<p>La posibilidad fue planteada por Carter Lewis Gould, analista senior de Biopharma Equity Research en Barclays, durante una conferencia virtual&#8230;<\/p>\n","protected":false},"author":3,"featured_media":0,"comment_status":"open","ping_status":"closed","sticky":false,"template":"","format":"standard","meta":[],"categories":[104],"tags":[99],"_links":{"self":[{"href":"https:\/\/tuavaluo.com\/avaluo\/wp-json\/wp\/v2\/posts\/33075"}],"collection":[{"href":"https:\/\/tuavaluo.com\/avaluo\/wp-json\/wp\/v2\/posts"}],"about":[{"href":"https:\/\/tuavaluo.com\/avaluo\/wp-json\/wp\/v2\/types\/post"}],"author":[{"embeddable":true,"href":"https:\/\/tuavaluo.com\/avaluo\/wp-json\/wp\/v2\/users\/3"}],"replies":[{"embeddable":true,"href":"https:\/\/tuavaluo.com\/avaluo\/wp-json\/wp\/v2\/comments?post=33075"}],"version-history":[{"count":0,"href":"https:\/\/tuavaluo.com\/avaluo\/wp-json\/wp\/v2\/posts\/33075\/revisions"}],"wp:attachment":[{"href":"https:\/\/tuavaluo.com\/avaluo\/wp-json\/wp\/v2\/media?parent=33075"}],"wp:term":[{"taxonomy":"category","embeddable":true,"href":"https:\/\/tuavaluo.com\/avaluo\/wp-json\/wp\/v2\/categories?post=33075"},{"taxonomy":"post_tag","embeddable":true,"href":"https:\/\/tuavaluo.com\/avaluo\/wp-json\/wp\/v2\/tags?post=33075"}],"curies":[{"name":"wp","href":"https:\/\/api.w.org\/{rel}","templated":true}]}}