{"id":33097,"date":"2021-03-17T15:22:51","date_gmt":"2021-03-17T15:22:51","guid":{"rendered":"https:\/\/tuavaluo.com\/avaluo\/2021\/03\/17\/viajeros-de-todas-las-ccaa-deberan-acreditar-una-prueba-negativa-al-llegar-a-baleares\/"},"modified":"2021-03-17T15:22:51","modified_gmt":"2021-03-17T15:22:51","slug":"viajeros-de-todas-las-ccaa-deberan-acreditar-una-prueba-negativa-al-llegar-a-baleares","status":"publish","type":"post","link":"https:\/\/tuavaluo.com\/avaluo\/2021\/03\/17\/viajeros-de-todas-las-ccaa-deberan-acreditar-una-prueba-negativa-al-llegar-a-baleares\/","title":{"rendered":"Viajeros de todas las CCAA deber\u00e1n acreditar una prueba negativa al llegar a Baleares"},"content":{"rendered":"<p>Seg\u00fan ha informado la Conselleria de Salud, <strong>este endurecimiento de las restricciones se mantendr\u00e1 hasta el 11 de abril<\/strong> y, por tanto, se extender\u00e1 durante el per\u00edodo que integra el puente de San Jos\u00e9 y las vacaciones de Semana Santa. Hasta ahora, se ped\u00eda la prueba a los pasajeros, tanto por v\u00eda a\u00e9rea como mar\u00edtima, de las regiones con una IA14 superior a los 100 casos por 100.000 habitantes.<\/p>\n<div class=\"read-more-links\">\n<h5>Noticia relacionada<\/h5>\n<p><a class=\"readMore\" href=\"https:\/\/www.bolsamania.com\/noticias\/sanidad\/reyes-maroto-aun-quedan-semanas-pasaporte-covid-disponible--7844106.html\" rel=\"noopener noreferrer\" target=\"_blank\" data-id=\"7844106\" rel=\"nofollow\" ><\/p>\n<figure><img class=\"lazy\" title=\"Leer m&#xE1;s\" data-original=\"https:\/\/img1.s3wfg.com\/web\/img\/images_uploaded\/2\/4\/ep_ministra_de_industria_comercio_y_turismo_reyes_maroto_285x185.jpg\" data-src=\"https:\/\/img1.s3wfg.com\/web\/img\/images_uploaded\/2\/4\/ep_ministra_de_industria_comercio_y_turismo_reyes_maroto_285x185.jpg\" \/><\/figure>\n<p>Reyes Maroto: \u00abA\u00fan quedan semanas\u00bb para que el pasaporte Covid est\u00e9 disponible <\/a><\/div>\n<p>Cabe recordar que, tambi\u00e9n Sanidad Exterior ha anunciado que reforzar\u00e1 los controles de la Covid-19 que se realizan desde el inicio de la pandemia a los viajeros que llegan a las Islas desde el extranjero y que se efectuar\u00e1 la <strong>doble verificaci\u00f3n a todo el pasaje de los vuelos procedentes de pa\u00edses clasificados como de riesgo<\/strong> que aterricen en alguno de los tres aeropuertos del archipi\u00e9lago. Actualmente, esta medida afecta a la mayor\u00eda de los pa\u00edses de la Uni\u00f3n Europea.<\/p>\n<p>De acuerdo con la Conselleria, el objetivo de este endurecimiento de los controles es <strong>preservar la situaci\u00f3n actual<\/strong>, con el compromiso de aminorar m\u00e1s la transmisi\u00f3n del coronavirus en las Islas, con el fin de proteger la salud y la seguridad de los ciudadanos, prevenir y contener los contagios y mitigar el impacto de la pandemia.<\/p>\n<p><strong>PCR NEGATIVA EN ORIGEN O TEST DE ANT\u00cdGENOS AL LLEGAR<\/strong><\/p>\n<p>Todos los pasajeros que lleguen por v\u00eda a\u00e9rea o mar\u00edtima a la comunidad deber\u00e1n presentar una prueba PCR negativa, <strong>hecha en origen 72 horas antes de viajar, o hacerse una de ant\u00edgenos a su llegada<\/strong> (siempre y cuando la motivaci\u00f3n del su viaje responda a una de las causas contempladas como justificadas).<\/p>\n<p>Todos los viajeros deben <strong>rellenar un formulario de control sanitario que deber\u00e1n presentar en el punto de entrada<\/strong> al archipi\u00e9lago. El formulario est\u00e1 disponible en la web www.ibsalut.es\/viatjar-a-balears y, una vez rellenado, generar\u00e1 un c\u00f3digo QR, que se presentar\u00e1 en el control sanitario. Este formulario incluye los datos del pasajero, la informaci\u00f3n sanitaria y el motivo del viaje.<\/p>\n<p><strong>La normativa distingue tres grupos de pasajeros<\/strong>: pasajeros con motivo no justificado, visitantes que llegan a Baleares por un motivo justificado y residentes. Los pasajeros con motivo no justificado que no presenten una prueba PCR o TMA negativa en el control sanitario se exponen a una multa de hasta 3.000 euros y, adem\u00e1s, deber\u00e1n hacerse un test de ant\u00edgenos en el aeropuerto.<\/p>\n<p>En cuanto a los pasajeros que llegan con un motivo justificado, deber\u00e1n rellenar el formulario de control sanitario explicando los motivos del viaje y presentar una PCR con resultado negativo hecha en las 72 horas previas a su llegada, una cita para <strong>hacerse la prueba a la llegada en la Covid Express o someterse a una prueba de ant\u00edgenos en el aeropuerto<\/strong> o el puerto. Si no lo hacen as\u00ed, deber\u00e1n someterse a una cuarentena de 10 d\u00edas.<\/p>\n<p><strong>En el caso de los residentes<\/strong>, las condiciones de viaje son las marcadas para pasajeros con motivo justificado, pero se les facilitar\u00e1 <strong>hacerse la prueba PCR o TMA en origen de manera gratuita<\/strong>. El coste de la prueba lo asumir\u00e1 el Govern, que ha alcanzado acuerdos con 220 laboratorios repartidos en 17 comunidades aut\u00f3nomas.<\/p>\n<p><strong>No se deber\u00e1n realizar la prueba los residentes que hayan salido de las Islas 72 horas antes de su vuelta<\/strong>, los transportistas de mercanc\u00edas y las tripulaciones de barcos y aviones, ni los viajeros relacionados con competiciones deportivas federadas. Tampoco los ni\u00f1os menores de seis a\u00f1os.<\/p>\n<p><strong>ARMENGOL RECALCA QUE SER\u00c1N ESTRICTOS CON LA MOVILIDAD<\/strong><\/p>\n<p>En declaraciones a los medios, la presidenta del Govern, Francina Armengol, ha explicado que esta medida implica que <strong>ser\u00e1n \u00abmuy estrictos con la movilidad<\/strong> porque es absolutamente necesario que la desescalada sea lenta\u00bb.<\/p>\n<p>Armengol ha incidido en la <strong>importancia de mantener los \u00abbuenos niveles\u00bb de incidencia acumulada<\/strong> que presenta actualmente Baleares \u00abgracias al compromiso de los ciudadanos\u00bb. La presidenta ha explicado que aunque todas las Comunidades estar\u00e1n perimetradas, \u00absiempre hay grupos de gente que se mueven\u00bb, especialmente dentro de una \u00e9poca \u00abdelicada\u00bb como Semana Santa.<\/p>\n<p>Respecto a los controles de Sanidad Exterior, Armengol ha recordado la <strong>doble verificaci\u00f3n que se har\u00e1 a los pasajeros internacionales<\/strong>, por lo que ha querido transmitir \u00abtranquilidad\u00bb porque los viajeros que entren lo har\u00e1n con una prueba negativa hecha en un margen de 72 horas.<\/p>\n<p>Por otro lado, respecto al llamado <strong>pasaporte de vacunaci\u00f3n<\/strong>, Armengol ha reiterado que est\u00e1n trabajando con el Gobierno en su implantaci\u00f3n y que \u00ab<strong>no hay una fecha fijada<\/strong>\u00ab, y ha recordado que Baleares plantea tambi\u00e9n otras medidas de movilidad como los corredores tur\u00edsticos seguros.<\/p>\n<p>&#013;<br \/>\nSource: Bolsamania.com<\/p>\n","protected":false},"excerpt":{"rendered":"<p>Seg\u00fan ha informado la Conselleria de Salud, este endurecimiento de las restricciones se mantendr\u00e1 hasta el 11 de abril y,&#8230;<\/p>\n","protected":false},"author":3,"featured_media":0,"comment_status":"open","ping_status":"closed","sticky":false,"template":"","format":"standard","meta":[],"categories":[104],"tags":[99],"_links":{"self":[{"href":"https:\/\/tuavaluo.com\/avaluo\/wp-json\/wp\/v2\/posts\/33097"}],"collection":[{"href":"https:\/\/tuavaluo.com\/avaluo\/wp-json\/wp\/v2\/posts"}],"about":[{"href":"https:\/\/tuavaluo.com\/avaluo\/wp-json\/wp\/v2\/types\/post"}],"author":[{"embeddable":true,"href":"https:\/\/tuavaluo.com\/avaluo\/wp-json\/wp\/v2\/users\/3"}],"replies":[{"embeddable":true,"href":"https:\/\/tuavaluo.com\/avaluo\/wp-json\/wp\/v2\/comments?post=33097"}],"version-history":[{"count":0,"href":"https:\/\/tuavaluo.com\/avaluo\/wp-json\/wp\/v2\/posts\/33097\/revisions"}],"wp:attachment":[{"href":"https:\/\/tuavaluo.com\/avaluo\/wp-json\/wp\/v2\/media?parent=33097"}],"wp:term":[{"taxonomy":"category","embeddable":true,"href":"https:\/\/tuavaluo.com\/avaluo\/wp-json\/wp\/v2\/categories?post=33097"},{"taxonomy":"post_tag","embeddable":true,"href":"https:\/\/tuavaluo.com\/avaluo\/wp-json\/wp\/v2\/tags?post=33097"}],"curies":[{"name":"wp","href":"https:\/\/api.w.org\/{rel}","templated":true}]}}