{"id":33749,"date":"2021-03-30T11:04:03","date_gmt":"2021-03-30T11:04:03","guid":{"rendered":"https:\/\/tuavaluo.com\/avaluo\/2021\/03\/30\/el-euro-cae-hasta-un-nuevo-minimo-de-casi-cinco-meses-por-las-nuevas-restricciones\/"},"modified":"2021-03-30T11:04:03","modified_gmt":"2021-03-30T11:04:03","slug":"el-euro-cae-hasta-un-nuevo-minimo-de-casi-cinco-meses-por-las-nuevas-restricciones","status":"publish","type":"post","link":"https:\/\/tuavaluo.com\/avaluo\/2021\/03\/30\/el-euro-cae-hasta-un-nuevo-minimo-de-casi-cinco-meses-por-las-nuevas-restricciones\/","title":{"rendered":"El euro cae hasta un nuevo m\u00ednimo de casi cinco meses por las nuevas restricciones"},"content":{"rendered":"<div class=\"read-more-links\">\n<h5>Noticia relacionada<\/h5>\n<p><a class=\"readMore\" href=\"https:\/\/www.bolsamania.com\/noticias\/sanidad\/espana-endurece-uso-mascarilla-oblogatorio-playa-espacios-aire-libre--7856434.html\" rel=\"noopener noreferrer\" target=\"_blank\" data-id=\"7856434\" rel=\"nofollow\" ><\/p>\n<figure><img class=\"lazy\" title=\"Leer m&#xE1;s\" data-original=\"https:\/\/img1.s3wfg.com\/web\/img\/images_uploaded\/1\/6\/ep_un_senor_pasea_por_la_playa_con_mascarilla_y_atiende_a_lo_que_le_dice_un_socorrista_de_la_cruz_285x185.jpg\" data-src=\"https:\/\/img1.s3wfg.com\/web\/img\/images_uploaded\/1\/6\/ep_un_senor_pasea_por_la_playa_con_mascarilla_y_atiende_a_lo_que_le_dice_un_socorrista_de_la_cruz_285x185.jpg\" \/><\/figure>\n<p>Espa\u00f1a endurece el uso de la mascarilla: obligatorio en la playa y espacios al aire libre <\/a><\/div>\n<p>Ante el aumento de contagios de Covid-19 en la mayor\u00eda de los pa\u00edses europeos, ya son varios los que est\u00e1n anunciando m\u00e1s restricciones para intentar contener una nueva ola de la pandemia. Entre ellos, <a href=\"https:\/\/www.bolsamania.com\/noticias\/sanidad\/espana-endurece-uso-mascarilla-oblogatorio-playa-espacios-aire-libre--7856434.html\" target=\"_blank\"  rel=\"nofollow\" ><strong>Italia ha anunciado que impondr\u00e1 cuarentena de cinco d\u00edas a viajeros de la Uni\u00f3n Europea (UE),<\/strong> <\/a>mientras que <a href=\"https:\/\/www.bolsamania.com\/noticias\/sanidad\/espana-endurece-uso-mascarilla-oblogatorio-playa-espacios-aire-libre--7856434.html\" target=\"_blank\"  rel=\"nofollow\" ><strong>Alemania har\u00e1 controles m\u00e1s severos<\/strong><\/a> en fronteras terrestres. En Espa\u00f1a, desde este martes se exige una PCR negativa a los franceses que entren por carretera, a la vez que se endurece el uso de la mascarilla.<\/p>\n<p>Estas informaciones contrastan con EEUU, donde la campa\u00f1a de inmunizaci\u00f3n marcha viento en popa, tras el anuncio del presidente, Joe Biden, de que<strong> el 90% de la vacunaci\u00f3n podr\u00e1 vacunarse a partir del 19 de abril.<\/strong> Pese a todo, el presidente estadounidense ha lanzado una advertencia sobre una vuelta a la normalidad demasiado r\u00e1pida ante el aumento de los contagios por Covid-19.<\/p>\n<p>La actualidad al otro lado del Atl\u00e1ntico tambi\u00e9n pasa por el <strong>plan de infraestructuras de 3 billones de d\u00f3lares que Biden detallar\u00e1 este mi\u00e9rcoles<\/strong> y que ha vuelto a elevar la curva de rendimientos de la deuda de EEUU. El bono a 10 a\u00f1os se ha disparado a un m\u00e1ximo de 14 meses, en 1,77% y el d\u00f3lar ha marcado m\u00e1ximos de un a\u00f1o frente al yen tras alcanzar el hito de los 110 yenes en Asia, un nivel que no se ve\u00eda desde marzo del a\u00f1o pasado. Est\u00e1 en camino de lograr el mejor mes desde finales de 2016, con el fin del a\u00f1o fiscal de Jap\u00f3n este mes impulsando la demanda de d\u00f3lares mientras las empresas tratan de cuadrar sus libros.<\/p>\n<p>Estos acontecimientos, se suman a que <strong>el d\u00f3lar ha puesto en juego su rol de activo refugio,<\/strong> cuando los inversores se preocuparon por las posibles repercusiones de la quiebra de un fondo de cobertura, identificado como Archegos Capital, aunque ese nerviosismo se hab\u00eda atenuado al iniciarse la jornada asi\u00e1tica.<\/p>\n<p>\u00abSospecho que <strong>los mercados continuar\u00e1n con una visi\u00f3n comercial doble en el mercado de divisas<\/strong>\u00ab, indica Stephen Innes, analista de AxiTrade. As\u00ed \u00abpermanecer\u00e1n largos en el d\u00f3lar frente a los pa\u00edses vulnerables de baja rentabilidad, como la eurozona y el euro, donde el banco central de tendencia moderada probablemente mantendr\u00e1 la divergencia de los tipos de inter\u00e9s\u00bb, se\u00f1ala. Al mismo tiempo, \u00abpermanecer\u00e1n posicionados para la recuperaci\u00f3n global a trav\u00e9s de una financiaci\u00f3n selectiva de divisas fuera del euro, el yen o el franco suizo, mientras se evita el d\u00f3lar estadounidense con los rendimientos de los Estados Unidos listos para seguir subiendo\u00bb, asegura el experto.<\/p>\n<p>&#013;<br \/>\nSource: Bolsamania.com<\/p>\n","protected":false},"excerpt":{"rendered":"<p>Noticia relacionada Espa\u00f1a endurece el uso de la mascarilla: obligatorio en la playa y espacios al aire libre Ante el&#8230;<\/p>\n","protected":false},"author":3,"featured_media":33750,"comment_status":"open","ping_status":"closed","sticky":false,"template":"","format":"standard","meta":[],"categories":[104],"tags":[99],"_links":{"self":[{"href":"https:\/\/tuavaluo.com\/avaluo\/wp-json\/wp\/v2\/posts\/33749"}],"collection":[{"href":"https:\/\/tuavaluo.com\/avaluo\/wp-json\/wp\/v2\/posts"}],"about":[{"href":"https:\/\/tuavaluo.com\/avaluo\/wp-json\/wp\/v2\/types\/post"}],"author":[{"embeddable":true,"href":"https:\/\/tuavaluo.com\/avaluo\/wp-json\/wp\/v2\/users\/3"}],"replies":[{"embeddable":true,"href":"https:\/\/tuavaluo.com\/avaluo\/wp-json\/wp\/v2\/comments?post=33749"}],"version-history":[{"count":0,"href":"https:\/\/tuavaluo.com\/avaluo\/wp-json\/wp\/v2\/posts\/33749\/revisions"}],"wp:featuredmedia":[{"embeddable":true,"href":"https:\/\/tuavaluo.com\/avaluo\/wp-json\/wp\/v2\/media\/33750"}],"wp:attachment":[{"href":"https:\/\/tuavaluo.com\/avaluo\/wp-json\/wp\/v2\/media?parent=33749"}],"wp:term":[{"taxonomy":"category","embeddable":true,"href":"https:\/\/tuavaluo.com\/avaluo\/wp-json\/wp\/v2\/categories?post=33749"},{"taxonomy":"post_tag","embeddable":true,"href":"https:\/\/tuavaluo.com\/avaluo\/wp-json\/wp\/v2\/tags?post=33749"}],"curies":[{"name":"wp","href":"https:\/\/api.w.org\/{rel}","templated":true}]}}