{"id":34067,"date":"2021-04-07T09:18:18","date_gmt":"2021-04-07T09:18:18","guid":{"rendered":"https:\/\/tuavaluo.com\/avaluo\/2021\/04\/07\/nicolas-dominguez-staedcke-nuevo-director-general-de-ezentis-alemania\/"},"modified":"2021-04-07T09:18:18","modified_gmt":"2021-04-07T09:18:18","slug":"nicolas-dominguez-staedcke-nuevo-director-general-de-ezentis-alemania","status":"publish","type":"post","link":"https:\/\/tuavaluo.com\/avaluo\/2021\/04\/07\/nicolas-dominguez-staedcke-nuevo-director-general-de-ezentis-alemania\/","title":{"rendered":"Nicol\u00e1s Dom\u00ednguez-Staedcke, nuevo director general de Ezentis Alemania"},"content":{"rendered":"<p>La mayor parte de su trayectoria profesional la ha desarrollado en Telef\u00f3nica, donde ha desempe\u00f1ado diferentes cargos en Espa\u00f1a y Latinoam\u00e9rica como director regional de Planificaci\u00f3n Estrat\u00e9gica o vicepresidente ejecutivo de Estrategia y Desarrollo de Negocio. Durante su etapa en esta compa\u00f1\u00eda, lider\u00f3 el despliegue de la red de fibra y red m\u00f3vil 4G en distintos pa\u00edses de Latinoam\u00e9rica y dirigi\u00f3 diferentes iniciativas clave de crecimiento y eficiencia.<\/p>\n<p>Ezentis fue adjudicataria en el mes de febrero de un contrato con UGG, sociedad participada por Telef\u00f3nica y Allianz, para desplegar y mantener fibra \u00f3ptica en Alemania. El contrato, cuya duraci\u00f3n es de dos a\u00f1os ampliables, tendr\u00e1 unos ingresos estimados de m\u00e1s de 50 millones de euros y se desarrollar\u00e1 en los L\u00e4nder de Baden-W\u00fcrttemberg y Baviera, al sur del pa\u00eds.<\/p>\n<p>Este nuevo contrato refuerza Europa como el principal mercado de Ezentis en volumen de ventas, un mercado que aporta el 47% del negocio total del grupo y mantiene su tendencia de aumentar su presencia en Europa hasta el 70%.<\/p>\n<p>&#013;<br \/>\nSource: Bolsamania.com<\/p>\n","protected":false},"excerpt":{"rendered":"<p>La mayor parte de su trayectoria profesional la ha desarrollado en Telef\u00f3nica, donde ha desempe\u00f1ado diferentes cargos en Espa\u00f1a y&#8230;<\/p>\n","protected":false},"author":3,"featured_media":0,"comment_status":"open","ping_status":"closed","sticky":false,"template":"","format":"standard","meta":[],"categories":[104],"tags":[99],"_links":{"self":[{"href":"https:\/\/tuavaluo.com\/avaluo\/wp-json\/wp\/v2\/posts\/34067"}],"collection":[{"href":"https:\/\/tuavaluo.com\/avaluo\/wp-json\/wp\/v2\/posts"}],"about":[{"href":"https:\/\/tuavaluo.com\/avaluo\/wp-json\/wp\/v2\/types\/post"}],"author":[{"embeddable":true,"href":"https:\/\/tuavaluo.com\/avaluo\/wp-json\/wp\/v2\/users\/3"}],"replies":[{"embeddable":true,"href":"https:\/\/tuavaluo.com\/avaluo\/wp-json\/wp\/v2\/comments?post=34067"}],"version-history":[{"count":0,"href":"https:\/\/tuavaluo.com\/avaluo\/wp-json\/wp\/v2\/posts\/34067\/revisions"}],"wp:attachment":[{"href":"https:\/\/tuavaluo.com\/avaluo\/wp-json\/wp\/v2\/media?parent=34067"}],"wp:term":[{"taxonomy":"category","embeddable":true,"href":"https:\/\/tuavaluo.com\/avaluo\/wp-json\/wp\/v2\/categories?post=34067"},{"taxonomy":"post_tag","embeddable":true,"href":"https:\/\/tuavaluo.com\/avaluo\/wp-json\/wp\/v2\/tags?post=34067"}],"curies":[{"name":"wp","href":"https:\/\/api.w.org\/{rel}","templated":true}]}}