{"id":34070,"date":"2021-04-07T10:27:52","date_gmt":"2021-04-07T10:27:52","guid":{"rendered":"https:\/\/tuavaluo.com\/avaluo\/2021\/04\/07\/fin-del-estado-de-alarma-habra-toque-de-queda-se-podra-viajar-entre-ccaa\/"},"modified":"2021-04-07T10:27:52","modified_gmt":"2021-04-07T10:27:52","slug":"fin-del-estado-de-alarma-habra-toque-de-queda-se-podra-viajar-entre-ccaa","status":"publish","type":"post","link":"https:\/\/tuavaluo.com\/avaluo\/2021\/04\/07\/fin-del-estado-de-alarma-habra-toque-de-queda-se-podra-viajar-entre-ccaa\/","title":{"rendered":"Fin del estado de alarma: \u00bfhabr\u00e1 toque de queda? \u00bfSe podr\u00e1 viajar entre CCAA?"},"content":{"rendered":"<div class=\"read-more-links\">\n<h5>Noticia relacionada<\/h5>\n<p><a class=\"readMore\" href=\"https:\/\/www.bolsamania.com\/noticias\/sanidad\/sanidad-propone-ahora-mascarilla-playa-solo-pasear-si-no-hay-distancia--7862655.html\" rel=\"noopener noreferrer\" target=\"_blank\" data-id=\"7862655\" rel=\"nofollow\" ><\/p>\n<figure><img class=\"lazy\" title=\"Leer m&#xE1;s\" data-original=\"https:\/\/img2.s3wfg.com\/web\/img\/images_uploaded\/b\/8\/ep_archivo_-_banistas_disfrutan_en_la_playa_de_malaga_en_malaga_andalucia_espana_a_7_de_agosto_de_20210330134305_285x185.jpg\" data-src=\"https:\/\/img2.s3wfg.com\/web\/img\/images_uploaded\/b\/8\/ep_archivo_-_banistas_disfrutan_en_la_playa_de_malaga_en_malaga_andalucia_espana_a_7_de_agosto_de_20210330134305_285x185.jpg\" \/><\/figure>\n<p>Sanidad propone ahora la mascarilla en la playa solo para pasear y si no hay distancia <\/a><\/div>\n<p>El presidente del Gobierno, <strong>Pedro S\u00e1nchez<\/strong>, ha dejado claro que el objetivo es que no sea necesario prorrogar m\u00e1s el estado de alarma: \u00abLo que queremos es que <strong>el 9 de mayo sea el punto y final al estado de alarma<\/strong>, este es nuestro objetivo, nuestro prop\u00f3sito y para eso trabajamos\u00bb.<\/p>\n<p>Por lo tanto, una vez que decaiga el estado de alarma, el <strong>Consejo Interterritorial<\/strong> debe ser quien decida a trav\u00e9s de ese mecanismo de cogobernanza, donde est\u00e1n representados el Ministerio de Sanidad y tambi\u00e9n los consejeros de las CCAA. La previsi\u00f3n es que sea este organismo quien pueda seguir respondiendo a cualquier tipo de rebrote que haya en Espa\u00f1a, as\u00ed como al <strong>proceso de vacunaci\u00f3n<\/strong> que se est\u00e1 llevando a cabo, dado que no se espera que la situaci\u00f3n de la pandemia mejore mucho para entonces.<\/p>\n<p>De esta manera, las medidas que adopte este Consejo ser\u00e1n de obligado cumplimiento. Diversos expertos indican que a partir de ese 9 de mayo las CCAA, aunque se coordinen en el Consejo Interterritorial de Salud, vuelven a la situaci\u00f3n anterior al estado de alarma y por lo tanto s\u00f3lo pueden adoptar <strong>\u00abmedidas ordinarias\u00bb en materia de sanidad<\/strong>.<\/p>\n<p>No obstante, indican que para situaciones graves pueden llegar a <strong>limitar derechos fundamentales<\/strong> pero s\u00f3lo en casos muy definidos e individualizados vali\u00e9ndose de la Ley Org\u00e1nica de Medidas Especiales en Materia de Salud P\u00fablica de 1986. Atendiendo a esto, los expertos indican que s\u00ed que podr\u00edan verse aun cierres perimetrales, pero ser\u00edan de zonas sanitarias, barrios o como mucho de ciudades, nunca de toda una CCAA. Adem\u00e1s, esos cierres que se adoptar\u00edan por decreto tendr\u00edan que <strong>contar con el aval de los tribunales<\/strong>.<\/p>\n<p>De esta forma, se\u00f1alan que se vuelve a la situaci\u00f3n que se vivi\u00f3 el verano pasado, y que las administraciones auton\u00f3micas s\u00ed que podr\u00edan por ejemplo <strong>restringir horarios comerciales y de hosteler\u00eda<\/strong>. Por su parte, desde las asociaciones judiciales se\u00f1alan que las CCAA pueden ordenar restricciones por razones de salud p\u00fablica, pero siempre que no afecten a los derechos fundamentales.<\/p>\n<p><strong>LIMITACI\u00d3N DE MOVILIDAD<\/strong><\/p>\n<p>As\u00ed, la limitaci\u00f3n de la circulaci\u00f3n y permanencia de personas en determinados lugares est\u00e1n incluidas entre las restricciones que reserva la ley de 1981 para el estado de alarma. Las medidas que pudieran adoptar las CCAA, en todo caso, <strong>no podr\u00e1n ser como las actuales<\/strong>, para las que se precisa estado de alarma. Eso s\u00ed, aunque es m\u00e1s complicado que existiendo un estado de alarma, las CCAA podr\u00edan adoptar algunas medidas con aprobaci\u00f3n judicial, dadas sus competencias en sanidad. Las restricciones de movilidad en todo caso se podr\u00e1n llevar cuando acabe el estado de alarma al Consejo Interterritorial de Salud.<\/p>\n<p>Desde el Gobierno, la portavoz y ministra de Hacienda, Mar\u00eda Jes\u00fas Montero, ha explicado este mi\u00e9rcoles que el fin del estado de alarma supondr\u00e1 el <strong>levantamiento de las medidas \u00abgenerales\u00bb<\/strong> que, como el toque de queda, requieren de este \u00abparaguas\u00bb legal, pero ha asegurado que las CCAA podr\u00e1n seguir limitando movilidad sin el estado de alarma.<\/p>\n<p>Desde el PP, su vicesecretario de Comunicaci\u00f3n, Pablo Montesinos, ha ofrecido a S\u00e1nchez sentarse a negociar un &#8216;plan b jur\u00eddico&#8217; para dar \u00abseguridad y estabilidad\u00bb a las CCAA.<\/p>\n<p>&#013;<br \/>\nSource: Bolsamania.com<\/p>\n","protected":false},"excerpt":{"rendered":"<p>Noticia relacionada Sanidad propone ahora la mascarilla en la playa solo para pasear y si no hay distancia El presidente&#8230;<\/p>\n","protected":false},"author":3,"featured_media":34071,"comment_status":"open","ping_status":"closed","sticky":false,"template":"","format":"standard","meta":[],"categories":[104],"tags":[99],"_links":{"self":[{"href":"https:\/\/tuavaluo.com\/avaluo\/wp-json\/wp\/v2\/posts\/34070"}],"collection":[{"href":"https:\/\/tuavaluo.com\/avaluo\/wp-json\/wp\/v2\/posts"}],"about":[{"href":"https:\/\/tuavaluo.com\/avaluo\/wp-json\/wp\/v2\/types\/post"}],"author":[{"embeddable":true,"href":"https:\/\/tuavaluo.com\/avaluo\/wp-json\/wp\/v2\/users\/3"}],"replies":[{"embeddable":true,"href":"https:\/\/tuavaluo.com\/avaluo\/wp-json\/wp\/v2\/comments?post=34070"}],"version-history":[{"count":0,"href":"https:\/\/tuavaluo.com\/avaluo\/wp-json\/wp\/v2\/posts\/34070\/revisions"}],"wp:featuredmedia":[{"embeddable":true,"href":"https:\/\/tuavaluo.com\/avaluo\/wp-json\/wp\/v2\/media\/34071"}],"wp:attachment":[{"href":"https:\/\/tuavaluo.com\/avaluo\/wp-json\/wp\/v2\/media?parent=34070"}],"wp:term":[{"taxonomy":"category","embeddable":true,"href":"https:\/\/tuavaluo.com\/avaluo\/wp-json\/wp\/v2\/categories?post=34070"},{"taxonomy":"post_tag","embeddable":true,"href":"https:\/\/tuavaluo.com\/avaluo\/wp-json\/wp\/v2\/tags?post=34070"}],"curies":[{"name":"wp","href":"https:\/\/api.w.org\/{rel}","templated":true}]}}