{"id":35071,"date":"2021-04-23T12:46:27","date_gmt":"2021-04-23T12:46:27","guid":{"rendered":"https:\/\/tuavaluo.com\/avaluo\/2021\/04\/23\/la-ue-adelanta-a-julio-el-objetivo-de-tener-al-70-de-la-poblacion-adulta-vacunada\/"},"modified":"2021-04-23T12:46:27","modified_gmt":"2021-04-23T12:46:27","slug":"la-ue-adelanta-a-julio-el-objetivo-de-tener-al-70-de-la-poblacion-adulta-vacunada","status":"publish","type":"post","link":"https:\/\/tuavaluo.com\/avaluo\/2021\/04\/23\/la-ue-adelanta-a-julio-el-objetivo-de-tener-al-70-de-la-poblacion-adulta-vacunada\/","title":{"rendered":"La UE adelanta a julio el objetivo de tener al 70% de la poblaci\u00f3n adulta vacunada"},"content":{"rendered":"<p>\u00abLa campa\u00f1a de vacunaci\u00f3n de la UE <strong>va por el buen camino<\/strong>\u00ab, ha dicho Von der Leyen en declaraciones durante una rueda de prensa junto al CEO de Pfizer, Albert Bourla, con quien ha visitado la f\u00e1brica de vacunas de Puurs (B\u00e9lgica).<\/p>\n<p>La presidenta de la Comisi\u00f3n Europea ha querido agradecer a las farmac\u00e9uticas su trabajo, asegurando que \u00abgracias a socios fuertes y confiables como <strong>Pfizer<\/strong> y <strong>BioNTech<\/strong>, la vacunaci\u00f3n en la UE se est\u00e1 acelerando\u00bb.<\/p>\n<p>\u00abTuvimos <strong>dificultades al comienzo<\/strong> de nuestra campa\u00f1a de vacunaci\u00f3n, pero nuestra amplia cartera de vacunas y proveedores s\u00f3lidos nos permitieron cambiar el rumbo\u00bb, ha afirmado Von der Leyen.<\/p>\n<p>Adem\u00e1s, la UE ha cerrado un acuerdo con estas dos farmac\u00e9uticas para recibir 1.800 millones de su vacuna contra el Covid-19 entre 2021 y 2023. Hasta la fecha, Bruselas hab\u00eda acordado la compra de hasta 600 millones de dosis de esta firma.<\/p>\n<p>Por otro lado, la Comisi\u00f3n Europea ha confirmado que cuenta el apoyo casi un\u00e1nime de los estados miembros para llevar a los tribunales a AstraZeneca por no cumplir con el contrato de entregas de vacunas.<\/p>\n<\/p>\n<p>&#013;<br \/>\nSource: Bolsamania.com<\/p>\n","protected":false},"excerpt":{"rendered":"<p>\u00abLa campa\u00f1a de vacunaci\u00f3n de la UE va por el buen camino\u00ab, ha dicho Von der Leyen en declaraciones durante&#8230;<\/p>\n","protected":false},"author":3,"featured_media":0,"comment_status":"open","ping_status":"closed","sticky":false,"template":"","format":"standard","meta":[],"categories":[104],"tags":[99],"_links":{"self":[{"href":"https:\/\/tuavaluo.com\/avaluo\/wp-json\/wp\/v2\/posts\/35071"}],"collection":[{"href":"https:\/\/tuavaluo.com\/avaluo\/wp-json\/wp\/v2\/posts"}],"about":[{"href":"https:\/\/tuavaluo.com\/avaluo\/wp-json\/wp\/v2\/types\/post"}],"author":[{"embeddable":true,"href":"https:\/\/tuavaluo.com\/avaluo\/wp-json\/wp\/v2\/users\/3"}],"replies":[{"embeddable":true,"href":"https:\/\/tuavaluo.com\/avaluo\/wp-json\/wp\/v2\/comments?post=35071"}],"version-history":[{"count":0,"href":"https:\/\/tuavaluo.com\/avaluo\/wp-json\/wp\/v2\/posts\/35071\/revisions"}],"wp:attachment":[{"href":"https:\/\/tuavaluo.com\/avaluo\/wp-json\/wp\/v2\/media?parent=35071"}],"wp:term":[{"taxonomy":"category","embeddable":true,"href":"https:\/\/tuavaluo.com\/avaluo\/wp-json\/wp\/v2\/categories?post=35071"},{"taxonomy":"post_tag","embeddable":true,"href":"https:\/\/tuavaluo.com\/avaluo\/wp-json\/wp\/v2\/tags?post=35071"}],"curies":[{"name":"wp","href":"https:\/\/api.w.org\/{rel}","templated":true}]}}