{"id":35507,"date":"2021-04-30T11:50:30","date_gmt":"2021-04-30T11:50:30","guid":{"rendered":"https:\/\/tuavaluo.com\/avaluo\/2021\/04\/30\/sanidad-amplia-el-tiempo-de-la-segunda-dosis-de-astrazeneca-y-aplaza-decidir-cual-poner\/"},"modified":"2021-04-30T11:50:30","modified_gmt":"2021-04-30T11:50:30","slug":"sanidad-amplia-el-tiempo-de-la-segunda-dosis-de-astrazeneca-y-aplaza-decidir-cual-poner","status":"publish","type":"post","link":"https:\/\/tuavaluo.com\/avaluo\/2021\/04\/30\/sanidad-amplia-el-tiempo-de-la-segunda-dosis-de-astrazeneca-y-aplaza-decidir-cual-poner\/","title":{"rendered":"Sanidad ampl\u00eda el tiempo de la segunda dosis de AstraZeneca y aplaza decidir cu\u00e1l poner"},"content":{"rendered":"<p>Los menores de 60 a\u00f1os vacunados con una primera dosis AstraZeneca, unos 2 millones de personas, en su mayor\u00eda trabajadores esenciales, siguen esperando que la Comisi\u00f3n de Salud P\u00fablica decida si recibir\u00e1n un segundo pinchazo de este suero o <strong>si tendr\u00e1n a\u00fan que esperar semanas a completar su inmunizaci\u00f3n<\/strong>.<\/p>\n<p>Los t\u00e9cnicos del Ministerio de Sanidad y las CCAA est\u00e1n tratando de llegar a una conclusi\u00f3n sobre el futuro de estas personas cuando est\u00e1 por vencer el periodo de 12 semanas para los primeros vacunados con Vaxzevria (nombre comercial de AstraZeneca), que empez\u00f3 a emplearse en nuestro pa\u00eds en <strong>trabajadores esenciales menores de 55 a\u00f1os<\/strong> a principios de febrero.<\/p>\n<p>Su inmunizaci\u00f3n qued\u00f3 en el limbo cuando Salud P\u00fablica desaconsej\u00f3 su uso en menores de 60 a\u00f1os a ra\u00edz de que la <strong>Agencia Europea del Medicamento<\/strong> (EMA, por sus siglas en ingl\u00e9s) confirmara la existencia de un \u00abposible v\u00ednculo\u00bb del f\u00e1rmaco con casos muy poco frecuentes de trombosis con bajada de plaquetas.<\/p>\n<p>Hay varias opciones: que completen la pauta con AstraZeneca en el tiempo que marca su prospecto, que es la opci\u00f3n recomendada por la EMA y por la que se han decantado pa\u00edses como Italia, donde est\u00e1 recomendada para mayores de 60 a\u00f1os y menores de 80, si bien est\u00e1 administrando la segunda dosis a los <strong>ya vacunados con una primera independientemente de su edad<\/strong>. Otra alternativa es la de inocularles el suero anglosueco pero dilatando las 12 semanas entre dosis; por ella han optado pa\u00edses como Irlanda, que ha ampliado la pauta a las 16 semanas mientras espera m\u00e1s evidencia cient\u00edfica.<\/p>\n<p>Y por \u00faltimo est\u00e1 la de<strong> mezclar marcas<\/strong>, en cuyo caso se esperar\u00eda a los resultados de CombiVacs, el ensayo que ha puesto en marcha el Instituto Carlos III en cinco hospitales espa\u00f1oles para probar la eficacia de mezclar Vaxzevria con <strong>Pfizer<\/strong>. Es lo que se est\u00e1 haciendo en Francia, Finlandia, Alemania o Suecia.<\/p>\n<p>El aplazamiento de la decisi\u00f3n en Espa\u00f1a ha sido justificado por la ministra de Sanidad, <strong>Carolina Darias<\/strong>, por la \u00abcomplejidad\u00bb de la misma. \u00abNo hagamos cuestiones simplistas con esto\u00bb, pidi\u00f3 ayer en el Congreso ante las numerosas cr\u00edticas de los grupos por la incertidumbre en la que llevan sumidos desde hace semanas las personas vacunadas con AstraZeneca.<\/p>\n<p>Consciente de la inquietud que pueden estar sufriendo este grupo, uno de los primeros que la estrategia defini\u00f3 como diana, quiso lanzarles un mensaje de tranquilidad porque solo con la primera dosis la vacuna ya tiene una eficacia contra el Covid-19 del 76%. Quienes s\u00ed lo tienen m\u00e1s claro son aquellos vacunados con este medicamento y con los otros que requieren dos dosis (Pfizer y Moderna) y que hayan pasado el Covid-19: si tienen<strong> m\u00e1s de 65 a\u00f1os<\/strong>, se les inyectar\u00e1 la segunda, pero si no, bastar\u00e1 solo con una.<\/p>\n<p>&#013;<br \/>\nSource: Bolsamania.com<\/p>\n","protected":false},"excerpt":{"rendered":"<p>Los menores de 60 a\u00f1os vacunados con una primera dosis AstraZeneca, unos 2 millones de personas, en su mayor\u00eda trabajadores&#8230;<\/p>\n","protected":false},"author":3,"featured_media":0,"comment_status":"open","ping_status":"closed","sticky":false,"template":"","format":"standard","meta":[],"categories":[104],"tags":[99],"_links":{"self":[{"href":"https:\/\/tuavaluo.com\/avaluo\/wp-json\/wp\/v2\/posts\/35507"}],"collection":[{"href":"https:\/\/tuavaluo.com\/avaluo\/wp-json\/wp\/v2\/posts"}],"about":[{"href":"https:\/\/tuavaluo.com\/avaluo\/wp-json\/wp\/v2\/types\/post"}],"author":[{"embeddable":true,"href":"https:\/\/tuavaluo.com\/avaluo\/wp-json\/wp\/v2\/users\/3"}],"replies":[{"embeddable":true,"href":"https:\/\/tuavaluo.com\/avaluo\/wp-json\/wp\/v2\/comments?post=35507"}],"version-history":[{"count":0,"href":"https:\/\/tuavaluo.com\/avaluo\/wp-json\/wp\/v2\/posts\/35507\/revisions"}],"wp:attachment":[{"href":"https:\/\/tuavaluo.com\/avaluo\/wp-json\/wp\/v2\/media?parent=35507"}],"wp:term":[{"taxonomy":"category","embeddable":true,"href":"https:\/\/tuavaluo.com\/avaluo\/wp-json\/wp\/v2\/categories?post=35507"},{"taxonomy":"post_tag","embeddable":true,"href":"https:\/\/tuavaluo.com\/avaluo\/wp-json\/wp\/v2\/tags?post=35507"}],"curies":[{"name":"wp","href":"https:\/\/api.w.org\/{rel}","templated":true}]}}