{"id":35776,"date":"2021-05-06T08:10:53","date_gmt":"2021-05-06T08:10:53","guid":{"rendered":"https:\/\/tuavaluo.com\/avaluo\/2021\/05\/06\/la-ue-se-abre-a-debatir-la-liberacion-de-patentes-de-las-vacunas-propuesta-por-biden\/"},"modified":"2021-05-06T08:10:53","modified_gmt":"2021-05-06T08:10:53","slug":"la-ue-se-abre-a-debatir-la-liberacion-de-patentes-de-las-vacunas-propuesta-por-biden","status":"publish","type":"post","link":"https:\/\/tuavaluo.com\/avaluo\/2021\/05\/06\/la-ue-se-abre-a-debatir-la-liberacion-de-patentes-de-las-vacunas-propuesta-por-biden\/","title":{"rendered":"La UE se abre a &quot;debatir&quot; la liberaci\u00f3n de patentes de las vacunas propuesta por Biden"},"content":{"rendered":"<p>As\u00ed lo ha dicho la jefa del Ejecutivo comunitario este jueves en un acto. \u00abEuropa es la \u00fanica regi\u00f3n democr\u00e1tica que ha exportado vacunas a gran escala. <strong>La UE est\u00e1 lista para debatir sobre cualquier propuesta<\/strong> que enfrente la crisis de una manera efectiva y pragm\u00e1tica. Estamos listos para debatir c\u00f3mo la propuesta estadounidense de renunciar a la protecci\u00f3n de la propiedad intelectual de las vacunas contra el Covid puede ayudar a alcanzar ese objetivo\u00bb.<\/p>\n<div class=\"read-more-links\">\n<h5>Noticia relacionada<\/h5>\n<p><a class=\"readMore\" href=\"https:\/\/www.bolsamania.com\/noticias\/mercados\/farmaceuticas-desploman-apoyo-biden-liberar-patentes-vacunas--7911402.html\" rel=\"noopener noreferrer\" target=\"_blank\" data-id=\"7911402\" rel=\"nofollow\" ><\/p>\n<figure><img class=\"lazy\" title=\"Leer m&#xE1;s\" data-original=\"https:\/\/img1.s3wfg.com\/web\/img\/images_uploaded\/3\/2\/coronavirus-moderna-pense-maintenir-ses-livraisons-de-vaccins-a-l-ue-les-baisser-pour-la-grande-bretagne_20210501120335_rsz.jpg\" data-src=\"https:\/\/img1.s3wfg.com\/web\/img\/images_uploaded\/3\/2\/coronavirus-moderna-pense-maintenir-ses-livraisons-de-vaccins-a-l-ue-les-baisser-pour-la-grande-bretagne_20210501120335_rsz.jpg\" \/><\/figure>\n<p>Las farmac\u00e9uticas se desploman tras el apoyo de Biden a liberar las patentes de las vacunas <\/a><\/div>\n<p>No obstante, Von der Leyen tambi\u00e9n ha dejado claro durante su intervenci\u00f3n telem\u00e1tica ante el Instituto Universitario Europeo de Florencia que considera que, a corto plazo, lo m\u00e1s urgente es que <strong>los pa\u00edses productores permitan la exportaci\u00f3n de dosis<\/strong>.<\/p>\n<p>En este punto, ha aprovechado para presumir de la capacidad exportadora de la UE. \u00abLas exportaciones de Europa se dirigen a m\u00e1s de 90 pa\u00edses\u00bb, ha se\u00f1alado, para incidir a continuaci\u00f3n en que \u00ablos env\u00edos se dirigen a nuestros aliados cercanos, como Canad\u00e1 y Reino Unido. Nuestros queridos amigos brit\u00e1nicos han recibido un total de 28 millones de dosis\u00bb, ha a\u00f1adido.<\/p>\n<p>Como ha dicho, a diferencia de lo ocurrido en EEUU o Reino Unido, la UE ha compaginado sus campa\u00f1as de vacunaci\u00f3n con la exportaci\u00f3n de decenas de millones de dosis a otros pa\u00edses. <strong>\u00abEuropa es ahora mismo la farmacia del mundo y estamos orgullosos de ello\u00bb<\/strong>, ha remarcado seg\u00fan recoge <em>El Pa\u00eds<\/em>.<\/p>\n<p>Y tambi\u00e9n ha afirmado que \u00abla campa\u00f1a de vacunaci\u00f3n europea es un \u00e9xito\u00bb. \u00abEuropa puede superar las crisis. Me gustar\u00eda mostrar c\u00f3mo con dos ejemplos. Europa ha demostrado que la uni\u00f3n de las democracias puede funcionar en tiempos de crisis. Para sus ciudadanos y para el resto del mundo. Incluso en una pandemia podemos hacer frente a otros desaf\u00edos de nuestra \u00e9poca\u00bb, ha se\u00f1alado.<\/p>\n<p>\u00abRecuerdo muy bien los primeros d\u00edas de la pandemia. La gente de Italia pidi\u00f3 que la UE se coordinase y ayudase. Algunos miembros cerraron sus fronteras. Decidimos proporcionar las vacunas juntos. Fue una decisi\u00f3n correcta. <strong>No quiero imaginar qu\u00e9 hubiese pasado si varios Estados miembros hubiesen acaparado sus vacunas, lo que hubiese significado para el mercado comunitario. Hubiese roto nuestra uni\u00f3n.<\/strong> Hoy, la campa\u00f1a de vacunaci\u00f3n es un \u00e9xito. Lo que cuenta es la entrega diaria de vacunas a nuestra gente y al mundo. Se han entregado 200 millones de vacunas a estas alturas\u00bb, ha explicado.<\/p>\n<h4>RECHAZO DE LAS FARMAC\u00c9UTICAS A LA LIBERALIZACI\u00d3N<\/h4>\n<p>No obstante, la propuesta de Biden y la posterior declaraci\u00f3n de Von der Leyen, asegurando que la UE estudiar\u00e1 este escenario, no ha gustado nada a la industria farmac\u00e9utica. La <strong>Federaci\u00f3n Internacional de Fabricantes y Asociaciones Farmac\u00e9uticas (IFPMA)<\/strong> ha considerado \u00abdecepcionante\u00bb el apoyo expreso del presidente estadounidense a la suspensi\u00f3n de las patentes porque, seg\u00fan aseguran, eso <strong>\u00abno aumentar\u00e1 la producci\u00f3n de dosis\u00bb<\/strong>, recoge <em>Efe<\/em>.<\/p>\n<p>\u00abMuy al contrario, puede llevar a la desorganizaci\u00f3n\u00bb, ha asegurado esta organizaci\u00f3n en un comunicado, en el que ha apuntado que deben solucionarse otras limitaciones a la producci\u00f3n de dosis \u00abcomo la eliminaci\u00f3n de barreras comerciales o de cuellos de botella en el suministro de materias primas y otros ingredientes\u00bb. \u00abLa \u00fanica forma de garantizar un r\u00e1pido aumento de las vacunas y un acceso equitativo de ellas para todos sigue siendo un <strong>di\u00e1logo pragm\u00e1tico y constructivo con el sector privado<\/strong>\u00ab, ha concluido la IFPMA.<\/p>\n<p>&#013;<br \/>\nSource: Bolsamania.com<\/p>\n","protected":false},"excerpt":{"rendered":"<p>As\u00ed lo ha dicho la jefa del Ejecutivo comunitario este jueves en un acto. \u00abEuropa es la \u00fanica regi\u00f3n democr\u00e1tica&#8230;<\/p>\n","protected":false},"author":3,"featured_media":35777,"comment_status":"open","ping_status":"closed","sticky":false,"template":"","format":"standard","meta":[],"categories":[104],"tags":[99],"_links":{"self":[{"href":"https:\/\/tuavaluo.com\/avaluo\/wp-json\/wp\/v2\/posts\/35776"}],"collection":[{"href":"https:\/\/tuavaluo.com\/avaluo\/wp-json\/wp\/v2\/posts"}],"about":[{"href":"https:\/\/tuavaluo.com\/avaluo\/wp-json\/wp\/v2\/types\/post"}],"author":[{"embeddable":true,"href":"https:\/\/tuavaluo.com\/avaluo\/wp-json\/wp\/v2\/users\/3"}],"replies":[{"embeddable":true,"href":"https:\/\/tuavaluo.com\/avaluo\/wp-json\/wp\/v2\/comments?post=35776"}],"version-history":[{"count":0,"href":"https:\/\/tuavaluo.com\/avaluo\/wp-json\/wp\/v2\/posts\/35776\/revisions"}],"wp:featuredmedia":[{"embeddable":true,"href":"https:\/\/tuavaluo.com\/avaluo\/wp-json\/wp\/v2\/media\/35777"}],"wp:attachment":[{"href":"https:\/\/tuavaluo.com\/avaluo\/wp-json\/wp\/v2\/media?parent=35776"}],"wp:term":[{"taxonomy":"category","embeddable":true,"href":"https:\/\/tuavaluo.com\/avaluo\/wp-json\/wp\/v2\/categories?post=35776"},{"taxonomy":"post_tag","embeddable":true,"href":"https:\/\/tuavaluo.com\/avaluo\/wp-json\/wp\/v2\/tags?post=35776"}],"curies":[{"name":"wp","href":"https:\/\/api.w.org\/{rel}","templated":true}]}}