{"id":36448,"date":"2021-05-18T15:11:13","date_gmt":"2021-05-18T15:11:13","guid":{"rendered":"https:\/\/tuavaluo.com\/avaluo\/2021\/05\/18\/la-ue-se-solidariza-con-espana-y-reclama-a-marruecos-cooperacion-y-confianza\/"},"modified":"2021-05-18T15:11:13","modified_gmt":"2021-05-18T15:11:13","slug":"la-ue-se-solidariza-con-espana-y-reclama-a-marruecos-cooperacion-y-confianza","status":"publish","type":"post","link":"https:\/\/tuavaluo.com\/avaluo\/2021\/05\/18\/la-ue-se-solidariza-con-espana-y-reclama-a-marruecos-cooperacion-y-confianza\/","title":{"rendered":"La UE se solidariza con Espa\u00f1a y reclama a Marruecos cooperaci\u00f3n y confianza"},"content":{"rendered":"<p>\u00abTodo nuestro apoyo y solidaridad con Espa\u00f1a @sanchezcastejon. <strong>Las fronteras de Espa\u00f1a son las fronteras de la Uni\u00f3n Europea. La cooperaci\u00f3n, la confianza y los compromisos compartidos<\/strong> deben ser los principios de una relaci\u00f3n fuerte entre la Uni\u00f3n Europea y Marruecos\u00bb, ha recogido Michel en su red social Twitter.<\/p>\n<div class=\"read-more-links\">\n<h5>Noticia relacionada<\/h5>\n<p><a class=\"readMore\" href=\"https:\/\/www.bolsamania.com\/noticias\/politica\/sanchez-espana-restablecera-orden-ceuta-melilla-mayor-celeridad--7935370.html\" rel=\"noopener noreferrer\" target=\"_blank\" data-id=\"7935370\" rel=\"nofollow\" ><\/p>\n<figure><img class=\"lazy\" title=\"Leer m&#xE1;s\" data-original=\"https:\/\/img5.s3wfg.com\/web\/img\/images_uploaded\/f\/3\/pedro_sanchez_moncloa_ceuta_melilla_285x185.jpg\" data-src=\"https:\/\/img5.s3wfg.com\/web\/img\/images_uploaded\/f\/3\/pedro_sanchez_moncloa_ceuta_melilla_285x185.jpg\" \/><\/figure>\n<p>S\u00e1nchez asegura que \u00abrestablecer\u00e1 el orden\u00bb en Ceuta y Melilla \u00abcon la mayor celeridad\u00bb <\/a><\/div>\n<p>Michel, que se encuentra en Par\u00eds para participar en una <strong>cumbre internacional para buscar soluciones a la crisis de financiaci\u00f3n en \u00c1frica<\/strong>, a la que S\u00e1nchez no ha asistido por la crisis en Ceuta, ha podido conversar por tel\u00e9fono directamente con el presidente del Gobierno para hablar de esta situaci\u00f3n.<\/p>\n<p>M\u00e1s tarde, la presidenta de la Comisi\u00f3n Europea, Ursula von der Leyen, ha a\u00f1adido tambi\u00e9n a trav\u00e9s de Twitter que \u00ab<strong>Europa expresa su solidaridad con Ceuta y Espa\u00f1a. Necesitamos soluciones europeas comunes<\/strong> para gestionar la migraci\u00f3n. Podemos conseguirlo si alcanzamos un acuerdo sobre el nuevo Pacto sobre Migraci\u00f3n\u00bb.<\/p>\n<p>Adem\u00e1s, al finalizar el tweet, ha apuntado que \u00ablas relaciones s\u00f3lidas basadas en la confianza mutua y los <strong>compromisos conjuntos entre socios clave como Marruecos son cruciales<\/strong>\u00ab.<\/p>\n<p>Finalmente, el presidente del Parlamento europeo, David Sassoli, ha difundido por la misma v\u00eda que \u00absalvar vidas en el mar debe ser una prioridad para la UE. Las fronteras griegas, espa\u00f1olas e italianas son fronteras europeas. Necesitamos una <strong>pol\u00edtica europea com\u00fan en materia de migraci\u00f3n y compromisos compartidos con los pa\u00edses vecinos para gestionar juntos la migraci\u00f3n<\/strong>\u00ab.<\/p>\n<blockquote class=\"twitter-tweet\">\n<p dir=\"ltr\" lang=\"es\">Todo nuestro apoyo y solidaridad con Espa\u00f1a <a href=\"https:\/\/twitter.com\/sanchezcastejon?ref_src=twsrc%5Etfw\" target=\"_blank\"  rel=\"nofollow\" >@sanchezcastejon<\/a> <\/p>\n<p>Las fronteras de Espa\u00f1a son las fronteras de la Uni\u00f3n Europea. <\/p>\n<p>Cooperation, trust and shared commitments should be the principles of a strong relation between the European Union and Morocco.<\/p>\n<p>\u2014 Charles Michel (@eucopresident) <a href=\"https:\/\/twitter.com\/eucopresident\/status\/1394614970151755776?ref_src=twsrc%5Etfw\" target=\"_blank\"  rel=\"nofollow\" >May 18, 2021<\/a><\/p><\/blockquote>\n<blockquote class=\"twitter-tweet\">\n<p dir=\"ltr\" lang=\"en\">EU stands in solidarity with Ceuta &amp; Spain. <\/p>\n<p>We need common EU solutions to migration management. <\/p>\n<p>This can be achieved with agreement on the New Pact on Migration. <\/p>\n<p>Stronger partnerships based on mutual trust &amp; joint commitments with key partners like Morocco are crucial.<\/p>\n<p>\u2014 Ursula von der Leyen (@vonderleyen) <a href=\"https:\/\/twitter.com\/vonderleyen\/status\/1394646949643575298?ref_src=twsrc%5Etfw\" target=\"_blank\"  rel=\"nofollow\" >May 18, 2021<\/a><\/p><\/blockquote>\n<blockquote class=\"twitter-tweet\">\n<p dir=\"ltr\" lang=\"es\">Salvar vidas en el mar debe ser una prioridad para la UE. Las fronteras griegas, espa\u00f1olas e italianas son fronteras europeas.<\/p>\n<p>Necesitamos una pol\u00edtica europea com\u00fan en materia de migraci\u00f3n y compromisos compartidos con los pa\u00edses vecinos para gestionar juntos la migraci\u00f3n.<\/p>\n<p>\u2014 David Sassoli (@EP_President) <a href=\"https:\/\/twitter.com\/EP_President\/status\/1394616269786189824?ref_src=twsrc%5Etfw\" target=\"_blank\"  rel=\"nofollow\" >May 18, 2021<\/a><\/p><\/blockquote>\n<p>&#013;<br \/>\nSource: Bolsamania.com<\/p>\n","protected":false},"excerpt":{"rendered":"<p>\u00abTodo nuestro apoyo y solidaridad con Espa\u00f1a @sanchezcastejon. Las fronteras de Espa\u00f1a son las fronteras de la Uni\u00f3n Europea. La&#8230;<\/p>\n","protected":false},"author":3,"featured_media":36449,"comment_status":"open","ping_status":"closed","sticky":false,"template":"","format":"standard","meta":[],"categories":[104],"tags":[99],"_links":{"self":[{"href":"https:\/\/tuavaluo.com\/avaluo\/wp-json\/wp\/v2\/posts\/36448"}],"collection":[{"href":"https:\/\/tuavaluo.com\/avaluo\/wp-json\/wp\/v2\/posts"}],"about":[{"href":"https:\/\/tuavaluo.com\/avaluo\/wp-json\/wp\/v2\/types\/post"}],"author":[{"embeddable":true,"href":"https:\/\/tuavaluo.com\/avaluo\/wp-json\/wp\/v2\/users\/3"}],"replies":[{"embeddable":true,"href":"https:\/\/tuavaluo.com\/avaluo\/wp-json\/wp\/v2\/comments?post=36448"}],"version-history":[{"count":0,"href":"https:\/\/tuavaluo.com\/avaluo\/wp-json\/wp\/v2\/posts\/36448\/revisions"}],"wp:featuredmedia":[{"embeddable":true,"href":"https:\/\/tuavaluo.com\/avaluo\/wp-json\/wp\/v2\/media\/36449"}],"wp:attachment":[{"href":"https:\/\/tuavaluo.com\/avaluo\/wp-json\/wp\/v2\/media?parent=36448"}],"wp:term":[{"taxonomy":"category","embeddable":true,"href":"https:\/\/tuavaluo.com\/avaluo\/wp-json\/wp\/v2\/categories?post=36448"},{"taxonomy":"post_tag","embeddable":true,"href":"https:\/\/tuavaluo.com\/avaluo\/wp-json\/wp\/v2\/tags?post=36448"}],"curies":[{"name":"wp","href":"https:\/\/api.w.org\/{rel}","templated":true}]}}