{"id":36468,"date":"2021-05-19T04:00:00","date_gmt":"2021-05-19T04:00:00","guid":{"rendered":"https:\/\/tuavaluo.com\/avaluo\/2021\/05\/19\/el-momento-dulce-de-los-blue-chips-alud-de-maximos-anuales-que-apuntala-el-optimismo\/"},"modified":"2021-05-19T04:00:00","modified_gmt":"2021-05-19T04:00:00","slug":"el-momento-dulce-de-los-blue-chips-alud-de-maximos-anuales-que-apuntala-el-optimismo","status":"publish","type":"post","link":"https:\/\/tuavaluo.com\/avaluo\/2021\/05\/19\/el-momento-dulce-de-los-blue-chips-alud-de-maximos-anuales-que-apuntala-el-optimismo\/","title":{"rendered":"El momento dulce de los &#039;blue chips&#039;: alud de m\u00e1ximos anuales que apuntala el optimismo"},"content":{"rendered":"<p>El buen tono en el Ibex coincide con el del resto de plazas del Viejo Continente, ya que no debe olvidarse que este martes el \u00edndice de la &#8216;locomotora europea&#8217;, Alemania, <strong><a href=\"https:\/\/www.bolsamania.com\/noticias\/mercados\/dax-maximos-historicos-13-ano--7935532.html\" rel=\"noopener noreferrer\" target=\"_blank\" rel=\"nofollow\" >registraba nuevos m\u00e1ximos hist\u00f3ricos<\/a><\/strong>. M\u00e1s all\u00e1 de los sustos puntuales que est\u00e1n viviendo las bolsas en este mes de mayo, tradicionalmente un mes bajista, <strong>lo cierto es que las perspectivas a corto-medio plazo para la renta variable siguen siendo positivas.<\/strong><\/p>\n<p>Aunque los expertos <a href=\"https:\/\/www.bolsamania.com\/noticias\/mercados\/mercado-amigo-summer-time-volatilidad-poder--7934136.html?autoplay=1\" rel=\"noopener noreferrer\" target=\"_blank\" rel=\"nofollow\" ><strong>anticipan volatilidad de cara al verano<\/strong><\/a> de la mano de una de las principales preocupaciones ahora mismo -la inflaci\u00f3n, con la publicaci\u00f3n de relevantes datos en los pr\u00f3ximos meses, sumados a las reuniones de los bancos centrales-, <strong>de momento prevalece claramente el optimismo en las bolsas.<\/strong><\/p>\n<h3><strong>DE INDITEX A TELEF\u00d3NICA<\/strong><\/h3>\n<p><a href=\"https:\/\/www.bolsamania.com\/noticias\/empresas\/inditex-recupera-100000-millones-capitalizacion-ano-medio-despues--7934258.html\" rel=\"noopener noreferrer\" target=\"_blank\" rel=\"nofollow\" ><strong>Inditex<\/strong><\/a>, <a href=\"https:\/\/www.bolsamania.com\/noticias\/empresas\/telefonica-roza-maximos-anuales-pone-a-la-venta-zeleris-por-100-millones-de-euros--7932586.html\" rel=\"noopener noreferrer\" target=\"_blank\" rel=\"nofollow\" ><strong>Telef\u00f3nica<\/strong><\/a>, los <strong><a href=\"https:\/\/www.bolsamania.com\/noticias\/empresas\/bbva-santander-marcan-maximos-anuales-confirman-buen-momento-bolsa--7935488.html\" rel=\"noopener noreferrer\" target=\"_blank\" rel=\"nofollow\" >dos grandes bancos<\/a><\/strong>, Repsol&#8230; Uno tras otro, los grandes t\u00edtulos del Ibex, conocidos coloquialmente como &#8216;blue chips&#8217;, han superado en las \u00faltimas jornadas sus anteriores m\u00e1ximos del a\u00f1o. Despu\u00e9s de esto, todos ellos <strong>muestran un aspecto t\u00e9cnico que invita a pensar en la continuaci\u00f3n de las alzas<\/strong>, tal y como describe C\u00e9sar Nuez, analista de Bolsaman\u00eda y responsable de Trader Watch.<\/p>\n<p><strong>Inditex:<\/strong> consegu\u00eda superar los m\u00e1ximos anuales hace unas sesiones y ahora tiene <strong>el camino libre para atacar los m\u00e1ximos hist\u00f3ricos de 2017 que presenta en los 33,30 euros<\/strong>. \u00abLo m\u00e1s normal es que, tras las \u00faltimas subidas, veamos una consolidaci\u00f3n de niveles en los 33,30, aunque los podr\u00eda acabar superando, lo que podr\u00eda traer una revalorizaci\u00f3n hasta los 35 euros\u00bb, anticipa Nuez.<\/p>\n<div class=\"extensible fullWidth\" data-toggle=\"modal\" data-target=\"#headerModal\" data-uri=\"https:\/\/img6.s3wfg.com\/web\/img\/images_uploaded\/7\/6\/n180521inditex.gif\">\n<figure><img class=\"fullWidth\" title=\"n180521inditex\" src=\"https:\/\/tuavaluo.com\/avaluo\/wp-content\/uploads\/2021\/05\/n180521inditex.gif\" alt=\"n180521inditex\" data-id=\"855658\" \/><figcaption>Gr\u00e1fico diario de Inditex.<\/figcaption><span \/><\/figure>\n<\/div>\n<p><strong>BBVA:<\/strong> ha tenido un \u00abexcelente\u00bb comportamiento desde finales del mes de abril, lo que le ha permitido superar los m\u00e1ximos anuales que ten\u00eda en los 4,897 euros, subraya este analista. El banco dio este mismo lunes una nueva se\u00f1al de fortaleza al rebasar los m\u00e1ximos de 2020, y parece que \u00ab<strong>podr\u00edamos ver un ataque inmediato a los m\u00e1ximos de 2019 que se encuentran en 5,25 euros\u00bb<\/strong>, augura.<\/p>\n<div class=\"extensible fullWidth\" data-toggle=\"modal\" data-target=\"#headerModal\" data-uri=\"https:\/\/img6.s3wfg.com\/web\/img\/images_uploaded\/b\/5\/n180521bbva.gif\">\n<figure><img class=\"fullWidth\" title=\"n180521bbva\" src=\"https:\/\/tuavaluo.com\/avaluo\/wp-content\/uploads\/2021\/05\/n180521bbva.gif\" alt=\"n180521bbva\" data-id=\"855662\" \/><figcaption>Gr\u00e1fico diario de BBVA.<\/figcaption><span \/><\/figure>\n<\/div>\n<p><strong>Santander:<\/strong> tras estar cotizando en una banda lateral de rango estrecho buena parte de los meses de febrero, marzo y abril, terminaba el mes pasado superando los m\u00e1ximos anuales que presentaba en los 3,04 euros. Esto le ha llevado a revalorizarse cerca de un 24% en el \u00faltimo mes,<strong> lo que le permite acercarse al hueco bajista de comienzos de 2020 que presenta en los 3,59 euros<\/strong>, precios en donde podr\u00eda frenar la escalada actual.<\/p>\n<div class=\"extensible fullWidth\" data-toggle=\"modal\" data-target=\"#headerModal\" data-uri=\"https:\/\/img4.s3wfg.com\/web\/img\/images_uploaded\/2\/e\/n180521santander.gif\">\n<figure><img class=\"fullWidth\" title=\"n180521santander\" src=\"https:\/\/tuavaluo.com\/avaluo\/wp-content\/uploads\/2021\/05\/n180521santander.gif\" alt=\"n180521santander\" data-id=\"855654\" \/><figcaption>Gr\u00e1fico diario de Santander.<\/figcaption><span \/><\/figure>\n<\/div>\n<p><strong>Telef\u00f3nica:<\/strong> este lunes consegu\u00eda cerrar por encima de los m\u00e1ximos anuales que ten\u00eda en los 4,1380 euros. El valor ha confirmado, como viene insistiendo C\u00e9sar Nuez en los \u00faltimos tiempos, que <strong>est\u00e1 cambiando de tendencia. As\u00ed, avisa de que en las pr\u00f3ximas sesiones podr\u00eda atacar \u00abtranquilamente\u00bb la resistencia de los 4,55 euros.<\/strong><\/p>\n<div class=\"extensible fullWidth\" data-toggle=\"modal\" data-target=\"#headerModal\" data-uri=\"https:\/\/img1.s3wfg.com\/web\/img\/images_uploaded\/b\/7\/n180521tef.gif\">\n<figure><img class=\"fullWidth\" title=\"n180521tef\" src=\"https:\/\/tuavaluo.com\/avaluo\/wp-content\/uploads\/2021\/05\/n180521tef.gif\" alt=\"n180521tef\" data-id=\"855652\" \/><figcaption>Gr\u00e1fico diario Telef\u00f3nica.<\/figcaption><span \/><\/figure>\n<\/div>\n<p><strong>Repsol:<\/strong> super\u00f3 este lunes los m\u00e1ximos anuales que ten\u00eda en los 11,14 euros, por lo que confirma el final de la consolidaci\u00f3n de los \u00faltimos dos meses y <strong>hace pensar en el comienzo de un nuevo impulso alcista que podr\u00eda extenderse hasta el nivel de los 12 euros.<\/strong><\/p>\n<div class=\"extensible fullWidth\" data-toggle=\"modal\" data-target=\"#headerModal\" data-uri=\"https:\/\/img5.s3wfg.com\/web\/img\/images_uploaded\/d\/e\/n180521repsol.gif\">\n<figure><img class=\"fullWidth\" title=\"n180521repsol\" src=\"https:\/\/tuavaluo.com\/avaluo\/wp-content\/uploads\/2021\/05\/n180521repsol.gif\" alt=\"n180521repsol\" data-id=\"855656\" \/><figcaption>Gr\u00e1fico diario Repsol.<\/figcaption><span \/><\/figure>\n<\/div>\n<p><strong>Iberdrola:<\/strong> ha ca\u00eddo en las \u00faltimas sesiones, lo que le ha servido para cubrir el hueco alcista que se dejara a comienzos del mes de abril y ha <strong>terminado por realizar una buena figura en la media de 200 sesiones, lo que hace pensar en una figura de continuaci\u00f3n de tendencia<\/strong>. \u00abPara las pr\u00f3ximas sesiones esperamos un ataque a los m\u00e1ximos del pasado mes de abril que tiene en los 11,74 euros y, si los supera, podr\u00edamos ver un asalto a los m\u00e1ximos hist\u00f3ricos que dibujara a comienzos de a\u00f1o en los 12,39\u00bb, concluye C\u00e9sar Nuez.<\/p>\n<div class=\"extensible fullWidth\" data-toggle=\"modal\" data-target=\"#headerModal\" data-uri=\"https:\/\/img6.s3wfg.com\/web\/img\/images_uploaded\/3\/0\/n180521iberdrola.gif\">\n<figure><img class=\"fullWidth\" title=\"n180521iberdrola\" src=\"https:\/\/tuavaluo.com\/avaluo\/wp-content\/uploads\/2021\/05\/n180521iberdrola.gif\" alt=\"n180521iberdrola\" data-id=\"855660\" \/><figcaption>Gr\u00e1fico diario Iberdrola.<\/figcaption><span \/><\/figure>\n<\/div>\n<p>&#013;<br \/>\nSource: Bolsamania.com<\/p>\n","protected":false},"excerpt":{"rendered":"<p>El buen tono en el Ibex coincide con el del resto de plazas del Viejo Continente, ya que no debe&#8230;<\/p>\n","protected":false},"author":3,"featured_media":36469,"comment_status":"open","ping_status":"closed","sticky":false,"template":"","format":"standard","meta":[],"categories":[104],"tags":[99],"_links":{"self":[{"href":"https:\/\/tuavaluo.com\/avaluo\/wp-json\/wp\/v2\/posts\/36468"}],"collection":[{"href":"https:\/\/tuavaluo.com\/avaluo\/wp-json\/wp\/v2\/posts"}],"about":[{"href":"https:\/\/tuavaluo.com\/avaluo\/wp-json\/wp\/v2\/types\/post"}],"author":[{"embeddable":true,"href":"https:\/\/tuavaluo.com\/avaluo\/wp-json\/wp\/v2\/users\/3"}],"replies":[{"embeddable":true,"href":"https:\/\/tuavaluo.com\/avaluo\/wp-json\/wp\/v2\/comments?post=36468"}],"version-history":[{"count":0,"href":"https:\/\/tuavaluo.com\/avaluo\/wp-json\/wp\/v2\/posts\/36468\/revisions"}],"wp:featuredmedia":[{"embeddable":true,"href":"https:\/\/tuavaluo.com\/avaluo\/wp-json\/wp\/v2\/media\/36469"}],"wp:attachment":[{"href":"https:\/\/tuavaluo.com\/avaluo\/wp-json\/wp\/v2\/media?parent=36468"}],"wp:term":[{"taxonomy":"category","embeddable":true,"href":"https:\/\/tuavaluo.com\/avaluo\/wp-json\/wp\/v2\/categories?post=36468"},{"taxonomy":"post_tag","embeddable":true,"href":"https:\/\/tuavaluo.com\/avaluo\/wp-json\/wp\/v2\/tags?post=36468"}],"curies":[{"name":"wp","href":"https:\/\/api.w.org\/{rel}","templated":true}]}}