{"id":36498,"date":"2021-05-19T10:26:26","date_gmt":"2021-05-19T10:26:26","guid":{"rendered":"https:\/\/tuavaluo.com\/avaluo\/2021\/05\/19\/aplazado-el-juicio-de-orcel-contra-santander-para-que-testifique-el-presidente-de-ubs\/"},"modified":"2021-05-19T10:26:26","modified_gmt":"2021-05-19T10:26:26","slug":"aplazado-el-juicio-de-orcel-contra-santander-para-que-testifique-el-presidente-de-ubs","status":"publish","type":"post","link":"https:\/\/tuavaluo.com\/avaluo\/2021\/05\/19\/aplazado-el-juicio-de-orcel-contra-santander-para-que-testifique-el-presidente-de-ubs\/","title":{"rendered":"Aplazado el juicio de Orcel contra Santander para que testifique el presidente de UBS"},"content":{"rendered":"<p>La vista oral ha dado comienzo a las 10.00 horas de este mi\u00e9rcoles en los Juzgados de Plaza Castilla. All\u00ed han acudido el propio Orcel, que no ten\u00eda obligaci\u00f3n de personarse en la sala pero lo ha hecho, y la presidenta del Santander, Ana Bot\u00edn, quien ha declarado como representante del banco.<\/p>\n<p>Cerca de las doce del mediod\u00eda, el juez ha decidido, a petici\u00f3n de los abogados de Orcel, suspender la vista para que declaren todos los testigos que hab\u00edan sido citados, incluidos el presidente de UBS, Axel Weber, y el director global de Compensaciones de UBS, Mark Shelton.<\/p>\n<p>Weber y Shelton fueron llamados por el abogado de Orcel a testificar. Intentaron hacerlo por v\u00eda online y al no poder, presentaron informes m\u00e9dicos para no tener que personarse en Madrid con motivo de la pandemia del coronavirus.<\/p>\n<p>El juicio se retomar\u00e1 en unos d\u00edas para que finalmente puedan testificar, tanto los directivos de UBS como los dem\u00e1s. Hab\u00edan sido tambi\u00e9n citados como testigos el exdirector de Recursos Humanos del Santander, Roberto di Bernardini (por parte de Orcel), y el secretario general y del consejo del banco espa\u00f1ol, Jaime P\u00e9rez Renovales (por parte del Santander).<\/p>\n<p>&#013;<br \/>\nSource: Bolsamania.com<\/p>\n","protected":false},"excerpt":{"rendered":"<p>La vista oral ha dado comienzo a las 10.00 horas de este mi\u00e9rcoles en los Juzgados de Plaza Castilla. All\u00ed&#8230;<\/p>\n","protected":false},"author":3,"featured_media":0,"comment_status":"open","ping_status":"closed","sticky":false,"template":"","format":"standard","meta":[],"categories":[104],"tags":[99],"_links":{"self":[{"href":"https:\/\/tuavaluo.com\/avaluo\/wp-json\/wp\/v2\/posts\/36498"}],"collection":[{"href":"https:\/\/tuavaluo.com\/avaluo\/wp-json\/wp\/v2\/posts"}],"about":[{"href":"https:\/\/tuavaluo.com\/avaluo\/wp-json\/wp\/v2\/types\/post"}],"author":[{"embeddable":true,"href":"https:\/\/tuavaluo.com\/avaluo\/wp-json\/wp\/v2\/users\/3"}],"replies":[{"embeddable":true,"href":"https:\/\/tuavaluo.com\/avaluo\/wp-json\/wp\/v2\/comments?post=36498"}],"version-history":[{"count":0,"href":"https:\/\/tuavaluo.com\/avaluo\/wp-json\/wp\/v2\/posts\/36498\/revisions"}],"wp:attachment":[{"href":"https:\/\/tuavaluo.com\/avaluo\/wp-json\/wp\/v2\/media?parent=36498"}],"wp:term":[{"taxonomy":"category","embeddable":true,"href":"https:\/\/tuavaluo.com\/avaluo\/wp-json\/wp\/v2\/categories?post=36498"},{"taxonomy":"post_tag","embeddable":true,"href":"https:\/\/tuavaluo.com\/avaluo\/wp-json\/wp\/v2\/tags?post=36498"}],"curies":[{"name":"wp","href":"https:\/\/api.w.org\/{rel}","templated":true}]}}