{"id":36519,"date":"2021-05-19T14:22:47","date_gmt":"2021-05-19T14:22:47","guid":{"rendered":"https:\/\/tuavaluo.com\/avaluo\/2021\/05\/19\/sanidad-y-ccaa-actualizan-las-restricciones-del-ocio-nocturno-y-eventos-multitudinarios\/"},"modified":"2021-05-19T14:22:47","modified_gmt":"2021-05-19T14:22:47","slug":"sanidad-y-ccaa-actualizan-las-restricciones-del-ocio-nocturno-y-eventos-multitudinarios","status":"publish","type":"post","link":"https:\/\/tuavaluo.com\/avaluo\/2021\/05\/19\/sanidad-y-ccaa-actualizan-las-restricciones-del-ocio-nocturno-y-eventos-multitudinarios\/","title":{"rendered":"Sanidad y CCAA actualizan las restricciones del ocio nocturno y eventos multitudinarios"},"content":{"rendered":"<p>De esta manera <strong>se van a poner sobre la mesa las actuaciones, acordadas el pasado verano por el Ministerio de Sanidad con el consenso de todas las comunidades<\/strong> y que han afectado a siete \u00e1mbitos: el ocio nocturno, la hosteler\u00eda, los centros sociosanitarios, los eventos multitudinarios, los cribados espec\u00edficos y el consumo de alcohol y tabaco.<\/p>\n<div class=\"read-more-links\">\n<h5>Noticia relacionada<\/h5>\n<p><a class=\"readMore\" href=\"https:\/\/www.bolsamania.com\/noticias\/sanidad\/simon-afirma-podra-relajar-uso-mascarillas-aire-libre-no-muchos-dias--7934352.html\" rel=\"noopener noreferrer\" target=\"_blank\" data-id=\"7934352\" rel=\"nofollow\" ><\/p>\n<figure><img class=\"lazy\" title=\"Leer m&#xE1;s\" data-original=\"https:\/\/img.s3wfg.com\/web\/img\/images_uploaded\/7\/7\/ep_el_director_del_centro_de_coordinacion_de_alertas_y_emergencias_sanitarias_fernando_simon_durante_285x185.jpg\" data-src=\"https:\/\/img.s3wfg.com\/web\/img\/images_uploaded\/7\/7\/ep_el_director_del_centro_de_coordinacion_de_alertas_y_emergencias_sanitarias_fernando_simon_durante_285x185.jpg\" \/><\/figure>\n<p>Sim\u00f3n afirma que se podr\u00e1 relajar el uso de mascarillas al aire libre en \u00abno muchos d\u00edas\u00bb <\/a><\/div>\n<p>Adem\u00e1s, la Junta de Galicia ha pospuesto a este jueves la reuni\u00f3n del comit\u00e9 cl\u00ednico que estaba prevista para este mi\u00e9rcoles en la que <strong>se iba a revisar la homologaci\u00f3n del horario de mesones y taper\u00edas con los restaurantes, entre otras cuestiones<\/strong>.<\/p>\n<p>En la tarde de este mi\u00e9rcoles y por videoconferencia, se van a reunir los equipos ministeriales de Sanidad y Educaci\u00f3n con los consejeros auton\u00f3micos en una reuni\u00f3n conjunta de la Comisi\u00f3n de Educaci\u00f3n y del Consejo Interterritorial. A su t\u00e9rmino, este \u00faltimo \u00f3rgano va a celebrar <strong>sesi\u00f3n plenaria extraordinaria para hablar de vacunaci\u00f3n, de la situaci\u00f3n epidemiol\u00f3gica y de implementar \u00abactuaciones coordinadas\u00bb<\/strong>.<\/p>\n<p>Pero no s\u00f3lo la revisi\u00f3n de las restricciones va a salir a debate. <strong>Tambi\u00e9n se va a tratar el plan de vacunaci\u00f3n tras las reticencias expresadas por algunas comunidades<\/strong>, como Madrid, Andaluc\u00eda, Murcia o Castilla y Le\u00f3n, a que se vacune con Pfizer a los menores de 60 a\u00f1os que hab\u00edan recibido una dosis de AstraZeneca, tal y como ha decidido la Comisi\u00f3n de Salud P\u00fablica por entender que esta combinaci\u00f3n es \u00absegura y eficaz\u00bb.<\/p>\n<p>&#013;<br \/>\nSource: Bolsamania.com<\/p>\n","protected":false},"excerpt":{"rendered":"<p>De esta manera se van a poner sobre la mesa las actuaciones, acordadas el pasado verano por el Ministerio de&#8230;<\/p>\n","protected":false},"author":3,"featured_media":36520,"comment_status":"open","ping_status":"closed","sticky":false,"template":"","format":"standard","meta":[],"categories":[104],"tags":[99],"_links":{"self":[{"href":"https:\/\/tuavaluo.com\/avaluo\/wp-json\/wp\/v2\/posts\/36519"}],"collection":[{"href":"https:\/\/tuavaluo.com\/avaluo\/wp-json\/wp\/v2\/posts"}],"about":[{"href":"https:\/\/tuavaluo.com\/avaluo\/wp-json\/wp\/v2\/types\/post"}],"author":[{"embeddable":true,"href":"https:\/\/tuavaluo.com\/avaluo\/wp-json\/wp\/v2\/users\/3"}],"replies":[{"embeddable":true,"href":"https:\/\/tuavaluo.com\/avaluo\/wp-json\/wp\/v2\/comments?post=36519"}],"version-history":[{"count":0,"href":"https:\/\/tuavaluo.com\/avaluo\/wp-json\/wp\/v2\/posts\/36519\/revisions"}],"wp:featuredmedia":[{"embeddable":true,"href":"https:\/\/tuavaluo.com\/avaluo\/wp-json\/wp\/v2\/media\/36520"}],"wp:attachment":[{"href":"https:\/\/tuavaluo.com\/avaluo\/wp-json\/wp\/v2\/media?parent=36519"}],"wp:term":[{"taxonomy":"category","embeddable":true,"href":"https:\/\/tuavaluo.com\/avaluo\/wp-json\/wp\/v2\/categories?post=36519"},{"taxonomy":"post_tag","embeddable":true,"href":"https:\/\/tuavaluo.com\/avaluo\/wp-json\/wp\/v2\/tags?post=36519"}],"curies":[{"name":"wp","href":"https:\/\/api.w.org\/{rel}","templated":true}]}}