{"id":36720,"date":"2021-05-24T11:18:45","date_gmt":"2021-05-24T11:18:45","guid":{"rendered":"https:\/\/tuavaluo.com\/avaluo\/2021\/05\/24\/alerta-de-la-oms-en-tres-semanas-las-muertes-por-covid-19-superaran-las-de-todo-2020\/"},"modified":"2021-05-24T11:18:45","modified_gmt":"2021-05-24T11:18:45","slug":"alerta-de-la-oms-en-tres-semanas-las-muertes-por-covid-19-superaran-las-de-todo-2020","status":"publish","type":"post","link":"https:\/\/tuavaluo.com\/avaluo\/2021\/05\/24\/alerta-de-la-oms-en-tres-semanas-las-muertes-por-covid-19-superaran-las-de-todo-2020\/","title":{"rendered":"Alerta de la OMS: en tres semanas las muertes por Covid-19 superar\u00e1n las de todo 2020"},"content":{"rendered":"<p>Los contagios reportados desde el inicio de 2021 superan ya los registrados en el primer a\u00f1o de la pandemia, seg\u00fan ha informado el responsable de la Organizaci\u00f3n, que ha advertido adem\u00e1s de que, aunque se observa una tercera semana consecutiva de disminuci\u00f3n de casos <strong>\u201cla situaci\u00f3n a nivel mundial es muy fr\u00e1gil y ning\u00fan pa\u00eds puede decir que est\u00e1 a salvo\u201d<\/strong>.<\/p>\n<p>Asimismo, Adhanom ha afirmado, tal y como recoge EFE, que la cifra de <strong>sanitarios fallecidos<\/strong> hasta el momento a causa del coronavirus asciende<strong> al menos a 115.000<\/strong>.<\/p>\n<p>Ante este comunicado, el presidente del Gobierno, Pedro S\u00e1nchez, ha reiterado el apoyo de Espa\u00f1a a la negociaci\u00f3n y adopci\u00f3n de un tratado internacional sobre pandemias con el que <strong>incrementar la preparaci\u00f3n y los recursos<\/strong> de los pa\u00edses a nivel mundial para afrontar en el futuro una potencial crisis sanitaria como la actual.<\/p>\n<p>\u201cSomos partidarios de <strong>adoptar un tratado internacional<\/strong> que establezca los objetivos y principios fundamentales de la acci\u00f3n colectiva necesaria para atajar futuras pandemias\u201d, ha dicho S\u00e1nchez en su intervenci\u00f3n en el acto inaugural de la 74\u00aa asamblea anual de la OMS.<\/p>\n<p>Del mismo modo, el l\u00edder del Ejecutivo espa\u00f1ol ha agradecido el apoyo que la Organizaci\u00f3n ha dado a Espa\u00f1a y al resto de pa\u00edses durante la pandemia y ha garantizado que <strong>Espa\u00f1a seguir\u00e1 respaldando sus decisiones<\/strong>.<\/p>\n<p>&#013;<br \/>\nSource: Bolsamania.com<\/p>\n","protected":false},"excerpt":{"rendered":"<p>Los contagios reportados desde el inicio de 2021 superan ya los registrados en el primer a\u00f1o de la pandemia, seg\u00fan&#8230;<\/p>\n","protected":false},"author":3,"featured_media":0,"comment_status":"open","ping_status":"closed","sticky":false,"template":"","format":"standard","meta":[],"categories":[104],"tags":[99],"_links":{"self":[{"href":"https:\/\/tuavaluo.com\/avaluo\/wp-json\/wp\/v2\/posts\/36720"}],"collection":[{"href":"https:\/\/tuavaluo.com\/avaluo\/wp-json\/wp\/v2\/posts"}],"about":[{"href":"https:\/\/tuavaluo.com\/avaluo\/wp-json\/wp\/v2\/types\/post"}],"author":[{"embeddable":true,"href":"https:\/\/tuavaluo.com\/avaluo\/wp-json\/wp\/v2\/users\/3"}],"replies":[{"embeddable":true,"href":"https:\/\/tuavaluo.com\/avaluo\/wp-json\/wp\/v2\/comments?post=36720"}],"version-history":[{"count":0,"href":"https:\/\/tuavaluo.com\/avaluo\/wp-json\/wp\/v2\/posts\/36720\/revisions"}],"wp:attachment":[{"href":"https:\/\/tuavaluo.com\/avaluo\/wp-json\/wp\/v2\/media?parent=36720"}],"wp:term":[{"taxonomy":"category","embeddable":true,"href":"https:\/\/tuavaluo.com\/avaluo\/wp-json\/wp\/v2\/categories?post=36720"},{"taxonomy":"post_tag","embeddable":true,"href":"https:\/\/tuavaluo.com\/avaluo\/wp-json\/wp\/v2\/tags?post=36720"}],"curies":[{"name":"wp","href":"https:\/\/api.w.org\/{rel}","templated":true}]}}