{"id":37104,"date":"2021-05-31T11:01:11","date_gmt":"2021-05-31T11:01:11","guid":{"rendered":"https:\/\/tuavaluo.com\/avaluo\/2021\/05\/31\/casado-aboga-en-ft-por-un-gobierno-de-salvacion-nacional-como-el-de-draghi\/"},"modified":"2021-05-31T11:01:11","modified_gmt":"2021-05-31T11:01:11","slug":"casado-aboga-en-ft-por-un-gobierno-de-salvacion-nacional-como-el-de-draghi","status":"publish","type":"post","link":"https:\/\/tuavaluo.com\/avaluo\/2021\/05\/31\/casado-aboga-en-ft-por-un-gobierno-de-salvacion-nacional-como-el-de-draghi\/","title":{"rendered":"Casado aboga en FT por un Gobierno de &quot;salvaci\u00f3n nacional&quot; como el de Draghi"},"content":{"rendered":"<p>La pr\u00f3xima cita en las urnas est\u00e1 prevista para finales de 2023, pero Casado ya sabe qu\u00e9 har\u00e1 en caso de salir vencedor de los comicios: reclutar\u00eda a figuras externas para impulsar las reformas fiscales, ya que su idea es <strong>bajar impuestos en los tres meses siguientes a su toma de posesi\u00f3n<\/strong>.<\/p>\n<div class=\"read-more-links\">\n<h5>Noticia relacionada<\/h5>\n<p><a class=\"readMore\" href=\"https:\/\/www.bolsamania.com\/noticias\/politica\/pp-vox-cs-uniran-colon-sanchez-acalaran-repetiran-foto-2019--7956748.html\" rel=\"noopener noreferrer\" target=\"_blank\" data-id=\"7956748\" rel=\"nofollow\" ><\/p>\n<figure><img class=\"lazy\" title=\"Leer m&#xE1;s\" data-original=\"https:\/\/img6.s3wfg.com\/web\/img\/images_uploaded\/4\/5\/ep_concentracionla_plazacolon_madrid_bajolema_porespana_unida_20190210133402_285x185.jpg\" data-src=\"https:\/\/img6.s3wfg.com\/web\/img\/images_uploaded\/4\/5\/ep_concentracionla_plazacolon_madrid_bajolema_porespana_unida_20190210133402_285x185.jpg\" \/><\/figure>\n<p>PP, Vox y Cs se unir\u00e1n contra S\u00e1nchez en Col\u00f3n y no aclaran si repetir\u00e1n la foto de 2019 <\/a><\/div>\n<p>\u00abNecesitamos un Gobierno&#8230; pr\u00e1cticamente de salvaci\u00f3n nacional\u00bb, ha dicho el &#8216;popular&#8217;, que se ha referido a la administraci\u00f3n italiana formada por Draghi como el modelo a seguir. \u00ab<strong>Necesitamos gente con mucha experiencia, incluso a nivel internacional y con diferentes orientaciones pol\u00edticas<\/strong>; no solo conservadores, liberales y democristianos, sino tambi\u00e9n antiguos socialdem\u00f3cratas&#8230; Un <a href=\"https:\/\/www.bolsamania.com\/noticias\/politica\/gobierno-mario-draghi-logra-investidura-parlamento-italiano--7818284.html\" rel=\"noopener noreferrer\" target=\"_blank\" rel=\"nofollow\" ><strong>Gobierno como el de Italia<\/strong><\/a>, pero elegido democr\u00e1ticamente\u00bb, ha resaltado.<\/p>\n<p>Su idea es, adem\u00e1s, impulsar diversos cambios en el mercado laboral y en el sistema auton\u00f3mico. Algo para lo que ahora se ve m\u00e1s legitimado que nunca, a tenor de las \u00faltimas encuestas. La <a href=\"https:\/\/www.bolsamania.com\/noticias\/politica\/ayuso-barre-elecciones-roza-mayoria-solo-necesita-abstencion-vox--7908694.html\" rel=\"noopener noreferrer\" target=\"_blank\" rel=\"nofollow\" ><strong>aplastante victoria de Isabel D\u00edaz Ayuso en Madrid<\/strong><\/a> el pasado 4M ha tenido un &#8216;efecto arrastre&#8217; para el PP a escala nacional. Tanto que ahora algunos sondeos sugieren que los &#8216;populares&#8217; y Vox lograr\u00e1n la mayor\u00eda en el Congreso de los Diputados en las pr\u00f3ximas elecciones, aunque a\u00fan quedan m\u00e1s de dos a\u00f1os.<\/p>\n<p>Es por ello que Casado sostiene en la mencionada entrevista con el medio brit\u00e1nico que el panorama espa\u00f1ol posterior al Covid-19 reforzar\u00e1 sus posibilidades en esas elecciones. \u00abLas crisis fortalecen a los Gobiernos, incluso si manejan las cosas mal\u00bb, ha remarcado. Frente a ello, ha asegurado que \u00ablas secuelas los debilitan, aunque manejen las cosas bien\u00bb, y <strong>en Espa\u00f1a las consecuencias de la pandemia se van a dejar notar a\u00fan durante bastante tiempo<\/strong>, seg\u00fan estima el l\u00edder del PP.<\/p>\n<p>Casado va a centrarse en presentar propuestas pr\u00e1cticas al electorado espa\u00f1ol, m\u00e1s que en acuerdos con otros partidos. \u00abTenemos que llegar [al poder] y aprobar todas las reformas en tres meses\u00bb, ha remarcado el &#8216;popular&#8217;, enumerando planes como el de <strong>reducir el IRPF y el impuesto de Sociedades, suprimir el impuesto de Sucesiones, reformar la indemnizaci\u00f3n por despido para mejorar la flexibilidad del mercado laboral<\/strong> y ajustar el sistema de gobierno regional de Espa\u00f1a.<\/p>\n<p>\u00abHay un claro cambio de ciclo pol\u00edtico en Espa\u00f1a y estamos preparados para gobernar. No s\u00e9 si ser\u00e1 en los pr\u00f3ximos 12 meses, pero creo que ser\u00e1 pronto\u00bb, ha insistido, dejando claro adem\u00e1s que su idea es hacerlo en solitario. \u00abMi intenci\u00f3n es gobernar solo. El PP no forma parte de un bloque con Vox\u00bb, ha concluido el &#8216;popular&#8217;, que cree que podr\u00e1 gobernar si tiene \u00abun esca\u00f1o m\u00e1s que Pedro S\u00e1nchez\u00bb.<\/p>\n<p>&#013;<br \/>\nSource: Bolsamania.com<\/p>\n","protected":false},"excerpt":{"rendered":"<p>La pr\u00f3xima cita en las urnas est\u00e1 prevista para finales de 2023, pero Casado ya sabe qu\u00e9 har\u00e1 en caso&#8230;<\/p>\n","protected":false},"author":3,"featured_media":37105,"comment_status":"open","ping_status":"closed","sticky":false,"template":"","format":"standard","meta":[],"categories":[104],"tags":[99],"_links":{"self":[{"href":"https:\/\/tuavaluo.com\/avaluo\/wp-json\/wp\/v2\/posts\/37104"}],"collection":[{"href":"https:\/\/tuavaluo.com\/avaluo\/wp-json\/wp\/v2\/posts"}],"about":[{"href":"https:\/\/tuavaluo.com\/avaluo\/wp-json\/wp\/v2\/types\/post"}],"author":[{"embeddable":true,"href":"https:\/\/tuavaluo.com\/avaluo\/wp-json\/wp\/v2\/users\/3"}],"replies":[{"embeddable":true,"href":"https:\/\/tuavaluo.com\/avaluo\/wp-json\/wp\/v2\/comments?post=37104"}],"version-history":[{"count":0,"href":"https:\/\/tuavaluo.com\/avaluo\/wp-json\/wp\/v2\/posts\/37104\/revisions"}],"wp:featuredmedia":[{"embeddable":true,"href":"https:\/\/tuavaluo.com\/avaluo\/wp-json\/wp\/v2\/media\/37105"}],"wp:attachment":[{"href":"https:\/\/tuavaluo.com\/avaluo\/wp-json\/wp\/v2\/media?parent=37104"}],"wp:term":[{"taxonomy":"category","embeddable":true,"href":"https:\/\/tuavaluo.com\/avaluo\/wp-json\/wp\/v2\/categories?post=37104"},{"taxonomy":"post_tag","embeddable":true,"href":"https:\/\/tuavaluo.com\/avaluo\/wp-json\/wp\/v2\/tags?post=37104"}],"curies":[{"name":"wp","href":"https:\/\/api.w.org\/{rel}","templated":true}]}}