{"id":37403,"date":"2021-06-04T11:02:15","date_gmt":"2021-06-04T11:02:15","guid":{"rendered":"https:\/\/tuavaluo.com\/avaluo\/2021\/06\/04\/el-corte-ingles-pierde-2-945-millones-de-euros-en-su-ultimo-ejercicio-fiscal-por-la-pandemia\/"},"modified":"2021-06-04T11:02:15","modified_gmt":"2021-06-04T11:02:15","slug":"el-corte-ingles-pierde-2-945-millones-de-euros-en-su-ultimo-ejercicio-fiscal-por-la-pandemia","status":"publish","type":"post","link":"https:\/\/tuavaluo.com\/avaluo\/2021\/06\/04\/el-corte-ingles-pierde-2-945-millones-de-euros-en-su-ultimo-ejercicio-fiscal-por-la-pandemia\/","title":{"rendered":"El Corte Ingl\u00e9s pierde 2.945 millones de euros en su \u00faltimo ejercicio fiscal por la pandemia"},"content":{"rendered":"<p>La compa\u00f1\u00eda se anot\u00f3 dichas p\u00e9rdidas en un escenario marcado por el<strong> cese de gran parte de su actividad<\/strong> durante el confinamiento y los posteriores cierres sucedidos en las comunidades aut\u00f3nomas, as\u00ed como por la ausencia total de turismo, tanto nacional como internacional.<\/p>\n<p>Seg\u00fan los datos difundidos este viernes por el grupo, sus <strong>p\u00e9rdidas operativas fueron de 445 millones<\/strong>, a las que se suman unas provisiones de 2.500 millones para cubrir deterioros de inmovilizado, existencias y cr\u00e9ditos fiscales. La mayor parte de estas provisiones, seg\u00fan ha explicado la compa\u00f1\u00eda, derivan de una actualizaci\u00f3n de activos como consecuencia de la <strong>transformaci\u00f3n hacia un modelo de negocio m\u00e1s digital<\/strong>.<\/p>\n<p>Pese a ello, el grupo supera el a\u00f1o de la pandemia con un <strong>Ebitda positivo de 142 millones de euros<\/strong>, tras haber mostrado \u00abflexibilidad y capacidad de reacci\u00f3n\u00bb para renovar sus tiendas, impulsar la digitalizaci\u00f3n y la omnicanalidad, y desarrollar nuevos negocios. \u00abEsta capacidad de adaptaci\u00f3n ratifica la confianza en su estrategia de futuro\u00bb, ha se\u00f1alado la compa\u00f1\u00eda, que alcanz\u00f3 una cifra de negocios consolidada de 10.432 millones de euros, <strong>un 31% menos<\/strong>.<\/p>\n<p>Desde el grupo han resaltado adem\u00e1s la recuperaci\u00f3n registrada durante el primer trimestre del actual ejercicio fiscal 2021-2022 (desde marzo a mayo), en el que ha logrado ya un resultado positivo, similar al obtenido un a\u00f1o antes.<\/p>\n<\/p>\n<p>&#013;<br \/>\nSource: Bolsamania.com<\/p>\n","protected":false},"excerpt":{"rendered":"<p>La compa\u00f1\u00eda se anot\u00f3 dichas p\u00e9rdidas en un escenario marcado por el cese de gran parte de su actividad durante&#8230;<\/p>\n","protected":false},"author":3,"featured_media":0,"comment_status":"open","ping_status":"closed","sticky":false,"template":"","format":"standard","meta":[],"categories":[104],"tags":[99],"_links":{"self":[{"href":"https:\/\/tuavaluo.com\/avaluo\/wp-json\/wp\/v2\/posts\/37403"}],"collection":[{"href":"https:\/\/tuavaluo.com\/avaluo\/wp-json\/wp\/v2\/posts"}],"about":[{"href":"https:\/\/tuavaluo.com\/avaluo\/wp-json\/wp\/v2\/types\/post"}],"author":[{"embeddable":true,"href":"https:\/\/tuavaluo.com\/avaluo\/wp-json\/wp\/v2\/users\/3"}],"replies":[{"embeddable":true,"href":"https:\/\/tuavaluo.com\/avaluo\/wp-json\/wp\/v2\/comments?post=37403"}],"version-history":[{"count":0,"href":"https:\/\/tuavaluo.com\/avaluo\/wp-json\/wp\/v2\/posts\/37403\/revisions"}],"wp:attachment":[{"href":"https:\/\/tuavaluo.com\/avaluo\/wp-json\/wp\/v2\/media?parent=37403"}],"wp:term":[{"taxonomy":"category","embeddable":true,"href":"https:\/\/tuavaluo.com\/avaluo\/wp-json\/wp\/v2\/categories?post=37403"},{"taxonomy":"post_tag","embeddable":true,"href":"https:\/\/tuavaluo.com\/avaluo\/wp-json\/wp\/v2\/tags?post=37403"}],"curies":[{"name":"wp","href":"https:\/\/api.w.org\/{rel}","templated":true}]}}