{"id":37470,"date":"2021-06-07T06:17:05","date_gmt":"2021-06-07T06:17:05","guid":{"rendered":"https:\/\/tuavaluo.com\/avaluo\/2021\/06\/07\/es-poco-probable-que-el-impuesto-del-15-a-las-multinacionales-suponga-una-gran-diferencia\/"},"modified":"2021-06-07T06:17:05","modified_gmt":"2021-06-07T06:17:05","slug":"es-poco-probable-que-el-impuesto-del-15-a-las-multinacionales-suponga-una-gran-diferencia","status":"publish","type":"post","link":"https:\/\/tuavaluo.com\/avaluo\/2021\/06\/07\/es-poco-probable-que-el-impuesto-del-15-a-las-multinacionales-suponga-una-gran-diferencia\/","title":{"rendered":"Es &quot;poco probable&quot; que el impuesto del 15% a las multinacionales &quot;suponga una gran diferencia&quot;"},"content":{"rendered":"<p>La realidad es que, a pesar de toda la hip\u00e9rbole, \u00ablos ministros acordaron una declaraci\u00f3n imprecisa en la que se <strong>compromet\u00edan a discutir las minucias de un acuerdo el mes que viene<\/strong>\u00ab, comenta Michael Hewson, jefe de an\u00e1lisis de CMC Markets. Adem\u00e1s, con la propuesta de un nuevo tipo impositivo m\u00ednimo global del 15%, \u00abes <strong>poco probable que cualquier acuerdo suponga una gran diferencia<\/strong>, dado que Irlanda es la \u00fanica econom\u00eda de Europa a la que afectar\u00e1 esta declaraci\u00f3n de intenciones, con los tipos actuales\u00bb, se\u00f1ala.<\/p>\n<p>En cambio, para Naeem Aslam, jefe de an\u00e1lisis de Avatrade, \u00absi se convierte en ley, ser\u00e1 un avance significativo en la fiscalidad mundial\u00bb.<\/p>\n<p>El ministro de Finanzas brit\u00e1nico, Rishi Sunak, confirm\u00f3 el pacto logrado por los ministros, reunidos en Londres y ha explic\u00f3 que <strong>busca construir un campo de juego equilibrado para las empresas globales<\/strong>. \u00abTras a\u00f1os de debate, los ministros de Finanzas del G7 han alcanzado un acuerdo hist\u00f3rico para la reforma del sistema fiscal global para que se ajuste a la era digital global\u00bb, destac\u00f3 Sunak, seg\u00fan recoge la cadena brit\u00e1nica BBC.<\/p>\n<p>Empresas globales como <strong>Amazon, Google o Facebook ser\u00e1n las m\u00e1s afectadas<\/strong>, ya que ahora legalmente pueden tributar en un pa\u00eds con condiciones fiscales ventajosas el negocio que generan en otros pa\u00edses. Con este cambio, los pa\u00edses ricos buscan evitar una \u00abcarrera a la baja\u00bb en las pol\u00edticas fiscales.<\/p>\n<p>Adem\u00e1s, esta norma pretende que las empresas paguen en los pa\u00edses en los que venden sus productos y servicios y no en donde declaren sus beneficios.<\/p>\n<p><strong>REACCIONES<\/strong><\/p>\n<p>La iniciativa es \u00abpara<strong> ajustarse a la era digital global<\/strong>, pero sobre todo para garantizar que las empresas adecuadas paguen los impuestos adecuados en los lugares adecuados y ese es un premio enorme para los contribuyentes brit\u00e1nicos\u00bb, ha destacado Sunak, que ha calificado el cambio de \u00abs\u00edsmico\u00bb.<\/p>\n<p>Adem\u00e1s, Sunak ha destacado que hay un compromiso para que la entrega de informaci\u00f3n clim\u00e1tica sea obligatoria que incluye \u00abmedidas para acometer los procedimientos para los cr\u00edmenes medioambientales\u00bb. La secretaria del Tesoro de Estados Unidos ha destacado por su parte que \u00abesta tasa m\u00ednima global <strong>pone fin a la carrera a la baja del impuesto de sociedades<\/strong> y garantiza justicia para la clase media y los trabajadores de Estados Unidos y de todo el mundo\u00bb.<\/p>\n<p>Mientras, el ministro alem\u00e1n de Finanzas, Olaf Scholz,<strong> se ha felicitado por el acuerdo, una \u00abrevoluci\u00f3n fiscal\u00bb<\/strong> que podr\u00eda servir de base para lograr \u00abun acuerdo de mayor alcance\u00bb entre los pa\u00edses integrantes del G20.<\/p>\n<p>\u00abLos siete pa\u00edses industrializados m\u00e1s importantes apoyaron el concepto de imposici\u00f3n m\u00ednima para las empresas\u00bb, ha destacado Scholz en declaraciones a la agencia de noticias DPA. \u00abEs una muy buena noticia para la justicia fiscal y la solidaridad, y una mala noticia para los para\u00edsos fiscales de todo el mundo\u00bb, ha remachado.<\/p>\n<p>El comisario de Econom\u00eda de la UE, Paolo Gentiloni, ha valorado tambi\u00e9n el \u00abgran paso (&#8230;) hacia un acuerdo global sin precedentes para una reforma fiscal\u00bb y ha asegurado que la UE \u00abcontribuir\u00e1 activamente para que ocurra\u00bb en Venecia, donde tienen previsto reunirse en julio los ministros de Finanzas y directores de bancos centrales del G20.<\/p>\n<p>La presidenta de la Comisi\u00f3n Europea, Ursula von der Leyen, ha dado la \u00abbienvenida\u00bb a esta \u00abnoticia positiva\u00bb en pro de la \u00abmodernizaci\u00f3n y la cooperaci\u00f3n internacional sobre la fiscalidad empresarial\u00bb. \u00abUn gran paso adelante hacia la justicia y el trato justo\u00bb, ha remachado.<\/p>\n<p>&#013;<br \/>\nSource: Bolsamania.com<\/p>\n","protected":false},"excerpt":{"rendered":"<p>La realidad es que, a pesar de toda la hip\u00e9rbole, \u00ablos ministros acordaron una declaraci\u00f3n imprecisa en la que se&#8230;<\/p>\n","protected":false},"author":3,"featured_media":0,"comment_status":"open","ping_status":"closed","sticky":false,"template":"","format":"standard","meta":[],"categories":[104],"tags":[99],"_links":{"self":[{"href":"https:\/\/tuavaluo.com\/avaluo\/wp-json\/wp\/v2\/posts\/37470"}],"collection":[{"href":"https:\/\/tuavaluo.com\/avaluo\/wp-json\/wp\/v2\/posts"}],"about":[{"href":"https:\/\/tuavaluo.com\/avaluo\/wp-json\/wp\/v2\/types\/post"}],"author":[{"embeddable":true,"href":"https:\/\/tuavaluo.com\/avaluo\/wp-json\/wp\/v2\/users\/3"}],"replies":[{"embeddable":true,"href":"https:\/\/tuavaluo.com\/avaluo\/wp-json\/wp\/v2\/comments?post=37470"}],"version-history":[{"count":0,"href":"https:\/\/tuavaluo.com\/avaluo\/wp-json\/wp\/v2\/posts\/37470\/revisions"}],"wp:attachment":[{"href":"https:\/\/tuavaluo.com\/avaluo\/wp-json\/wp\/v2\/media?parent=37470"}],"wp:term":[{"taxonomy":"category","embeddable":true,"href":"https:\/\/tuavaluo.com\/avaluo\/wp-json\/wp\/v2\/categories?post=37470"},{"taxonomy":"post_tag","embeddable":true,"href":"https:\/\/tuavaluo.com\/avaluo\/wp-json\/wp\/v2\/tags?post=37470"}],"curies":[{"name":"wp","href":"https:\/\/api.w.org\/{rel}","templated":true}]}}