{"id":37508,"date":"2021-06-07T12:18:21","date_gmt":"2021-06-07T12:18:21","guid":{"rendered":"https:\/\/tuavaluo.com\/avaluo\/2021\/06\/07\/sanchez-y-aragones-enarbolan-dialogo-y-soluciones-en-su-encuentro-no-oficial\/"},"modified":"2021-06-07T12:18:21","modified_gmt":"2021-06-07T12:18:21","slug":"sanchez-y-aragones-enarbolan-dialogo-y-soluciones-en-su-encuentro-no-oficial","status":"publish","type":"post","link":"https:\/\/tuavaluo.com\/avaluo\/2021\/06\/07\/sanchez-y-aragones-enarbolan-dialogo-y-soluciones-en-su-encuentro-no-oficial\/","title":{"rendered":"S\u00e1nchez y Aragon\u00e8s enarbolan &quot;di\u00e1logo&quot; y &quot;soluciones&quot; en su encuentro no oficial"},"content":{"rendered":"<div class=\"read-more-links\">\n<h5>Noticia relacionada<\/h5>\n<p><a class=\"readMore\" href=\"https:\/\/www.bolsamania.com\/noticias\/politica\/iceta-desliza-que-los-indultos-a-los-lideres-del-proces-estaran-listos-antes-de-verano--7973032.html\" rel=\"noopener noreferrer\" target=\"_blank\" data-id=\"7973032\" rel=\"nofollow\" ><\/p>\n<figure><img class=\"lazy\" title=\"Leer m&#xE1;s\" data-original=\"https:\/\/img4.s3wfg.com\/web\/img\/images_uploaded\/2\/e\/ep_el_ministro_de_politica_territorial_y_funcion_publica_miquel_iceta_responde_a_los_medios_durante_285x185.jpg\" data-src=\"https:\/\/img4.s3wfg.com\/web\/img\/images_uploaded\/2\/e\/ep_el_ministro_de_politica_territorial_y_funcion_publica_miquel_iceta_responde_a_los_medios_durante_285x185.jpg\" \/><\/figure>\n<p>Iceta desliza que los indultos a los l\u00edderes del &#8216;proc\u00e9s&#8217; estar\u00e1n listos antes de verano <\/a><\/div>\n<p>Aragon\u00e8s, ha defendido retomar el di\u00e1logo y la negociaci\u00f3n con el Gobierno: <strong>\u00abEs una oportunidad y una obligaci\u00f3n\u00bb<\/strong>, ha dicho, aunque ha reconocido que habr\u00e1 dificultades. Ha constatado que el Gobierno ha dado pasos para avanzar en la soluci\u00f3n al conflicto, pero ha advertido de que \u00abno es normal que haya presos pol\u00edticos y exiliados, y que Catalu\u00f1a no pueda decidir su futuro\u00bb.<\/p>\n<p>A su turno, S\u00e1nchez ha pedido<strong> abandonar \u00abjustificaciones y revanchas y apostar por las soluciones\u00bb<\/strong>. \u00abTenemos que ser generosos, responsables, y tenemos que esforzarnos unos y otros. Me gustar\u00eda que dej\u00e1ramos atr\u00e1s la dial\u00e9ctica est\u00e9ril que ha impregnado tambi\u00e9n la pol\u00edtica espa\u00f1ola en los \u00faltimos a\u00f1os de &#8216;Los unos y los otros&#8217; y apostar por un nuevo &#8216;Nosotros\u00bb, ha concluido.<\/p>\n<p>As\u00ed se han expresado en el acto de condecoraci\u00f3n al editor Javier God\u00f3 en el 250 aniversario de Fomento del Trabajo, al que han acudido el presidente de la patronal, Josep S\u00e1nchez Llibre; el primer teniente de alcalde de Barcelona, Jaume Collboni; la presidenta de la Diputaci\u00f3n de Barcelona, N\u00faria Mar\u00edn; y la delegada del Gobierno en Catalu\u00f1a, Teresa Cunillera.<\/p>\n<p>&#013;<br \/>\nSource: Bolsamania.com<\/p>\n","protected":false},"excerpt":{"rendered":"<p>Noticia relacionada Iceta desliza que los indultos a los l\u00edderes del &#8216;proc\u00e9s&#8217; estar\u00e1n listos antes de verano Aragon\u00e8s, ha defendido&#8230;<\/p>\n","protected":false},"author":3,"featured_media":37509,"comment_status":"open","ping_status":"closed","sticky":false,"template":"","format":"standard","meta":[],"categories":[104],"tags":[99],"_links":{"self":[{"href":"https:\/\/tuavaluo.com\/avaluo\/wp-json\/wp\/v2\/posts\/37508"}],"collection":[{"href":"https:\/\/tuavaluo.com\/avaluo\/wp-json\/wp\/v2\/posts"}],"about":[{"href":"https:\/\/tuavaluo.com\/avaluo\/wp-json\/wp\/v2\/types\/post"}],"author":[{"embeddable":true,"href":"https:\/\/tuavaluo.com\/avaluo\/wp-json\/wp\/v2\/users\/3"}],"replies":[{"embeddable":true,"href":"https:\/\/tuavaluo.com\/avaluo\/wp-json\/wp\/v2\/comments?post=37508"}],"version-history":[{"count":0,"href":"https:\/\/tuavaluo.com\/avaluo\/wp-json\/wp\/v2\/posts\/37508\/revisions"}],"wp:featuredmedia":[{"embeddable":true,"href":"https:\/\/tuavaluo.com\/avaluo\/wp-json\/wp\/v2\/media\/37509"}],"wp:attachment":[{"href":"https:\/\/tuavaluo.com\/avaluo\/wp-json\/wp\/v2\/media?parent=37508"}],"wp:term":[{"taxonomy":"category","embeddable":true,"href":"https:\/\/tuavaluo.com\/avaluo\/wp-json\/wp\/v2\/categories?post=37508"},{"taxonomy":"post_tag","embeddable":true,"href":"https:\/\/tuavaluo.com\/avaluo\/wp-json\/wp\/v2\/tags?post=37508"}],"curies":[{"name":"wp","href":"https:\/\/api.w.org\/{rel}","templated":true}]}}