{"id":37757,"date":"2021-06-10T15:21:01","date_gmt":"2021-06-10T15:21:01","guid":{"rendered":"https:\/\/tuavaluo.com\/avaluo\/2021\/06\/10\/belarra-defiende-el-regreso-de-puigdemont-a-espana-junto-al-resto-de-politicos-huidos\/"},"modified":"2021-06-10T15:21:01","modified_gmt":"2021-06-10T15:21:01","slug":"belarra-defiende-el-regreso-de-puigdemont-a-espana-junto-al-resto-de-politicos-huidos","status":"publish","type":"post","link":"https:\/\/tuavaluo.com\/avaluo\/2021\/06\/10\/belarra-defiende-el-regreso-de-puigdemont-a-espana-junto-al-resto-de-politicos-huidos\/","title":{"rendered":"Belarra defiende el regreso de Puigdemont a Espa\u00f1a junto al resto de pol\u00edticos hu\u00eddos"},"content":{"rendered":"<p>Belarra tambi\u00e9n ha afirmado que <strong>los indultos a los presos catalanes son una buena decisi\u00f3n.<\/strong> Argumenta que de esta forma se podr\u00eda acabar con la judicializaci\u00f3n del proceso y explorar la v\u00eda pol\u00edtica. \u00abEs condici\u00f3n necesaria para que el di\u00e1logo fructifique\u00bb, a\u00f1ad\u00eda.<\/p>\n<p>A\u00fan as\u00ed, no ha llegado a concretar en qu\u00e9 fechas se podr\u00edan producir aunque ha adelantado que <strong>la medida de gracia podr\u00eda aprobarse antes del 24 de junio<\/strong>. Se ha escudado en que los textos que aprobar\u00e1n los indultos \u00abrequieren trabajo\u00bb y que por tanto no puede ser mucho m\u00e1s precisa.<\/p>\n<p>Por otro lado, tambi\u00e9n ha declarado que ve <strong>\u00abenormemente leg\u00edtimo\u00bb<\/strong> que los independentistas puedan plantear el autogobierno y un refer\u00e9ndum pactado en el marco de la mesa de di\u00e1logo.<\/p>\n<p>Al ser preguntada por el Vistalegre IV, la Asamblea de Podemos que se celebra este fin de semana, <strong>ha confirmado que no asistir\u00e1<\/strong>. En ella, los militantes deben ratificar a Belarra como sucesora de Iglesias.<\/p>\n<\/p>\n<p>&#013;<br \/>\nSource: Bolsamania.com<\/p>\n","protected":false},"excerpt":{"rendered":"<p>Belarra tambi\u00e9n ha afirmado que los indultos a los presos catalanes son una buena decisi\u00f3n. Argumenta que de esta forma&#8230;<\/p>\n","protected":false},"author":3,"featured_media":0,"comment_status":"open","ping_status":"closed","sticky":false,"template":"","format":"standard","meta":[],"categories":[104],"tags":[99],"_links":{"self":[{"href":"https:\/\/tuavaluo.com\/avaluo\/wp-json\/wp\/v2\/posts\/37757"}],"collection":[{"href":"https:\/\/tuavaluo.com\/avaluo\/wp-json\/wp\/v2\/posts"}],"about":[{"href":"https:\/\/tuavaluo.com\/avaluo\/wp-json\/wp\/v2\/types\/post"}],"author":[{"embeddable":true,"href":"https:\/\/tuavaluo.com\/avaluo\/wp-json\/wp\/v2\/users\/3"}],"replies":[{"embeddable":true,"href":"https:\/\/tuavaluo.com\/avaluo\/wp-json\/wp\/v2\/comments?post=37757"}],"version-history":[{"count":0,"href":"https:\/\/tuavaluo.com\/avaluo\/wp-json\/wp\/v2\/posts\/37757\/revisions"}],"wp:attachment":[{"href":"https:\/\/tuavaluo.com\/avaluo\/wp-json\/wp\/v2\/media?parent=37757"}],"wp:term":[{"taxonomy":"category","embeddable":true,"href":"https:\/\/tuavaluo.com\/avaluo\/wp-json\/wp\/v2\/categories?post=37757"},{"taxonomy":"post_tag","embeddable":true,"href":"https:\/\/tuavaluo.com\/avaluo\/wp-json\/wp\/v2\/tags?post=37757"}],"curies":[{"name":"wp","href":"https:\/\/api.w.org\/{rel}","templated":true}]}}