{"id":38060,"date":"2021-06-16T10:21:29","date_gmt":"2021-06-16T10:21:29","guid":{"rendered":"https:\/\/tuavaluo.com\/avaluo\/2021\/06\/16\/el-gobierno-abre-la-puerta-a-bajar-impuestos-para-reducir-el-precio-de-la-luz\/"},"modified":"2021-06-16T10:21:29","modified_gmt":"2021-06-16T10:21:29","slug":"el-gobierno-abre-la-puerta-a-bajar-impuestos-para-reducir-el-precio-de-la-luz","status":"publish","type":"post","link":"https:\/\/tuavaluo.com\/avaluo\/2021\/06\/16\/el-gobierno-abre-la-puerta-a-bajar-impuestos-para-reducir-el-precio-de-la-luz\/","title":{"rendered":"El Gobierno abre la puerta a bajar impuestos para reducir el precio de la luz"},"content":{"rendered":"<p>De esta manera, Ribera abre la puerta a una medida como fue la suspensi\u00f3n durante varios meses entre 2018 y 2019 del <strong>Impuesto a la Generaci\u00f3n El\u00e9ctrica<\/strong> que grava con un 7% la producci\u00f3n de electricidad.<\/p>\n<p>\u00abYa lo hemos hecho y podemos volver a hacerlo de inmediato\u00bb, ha afirmado la vicepresidenta, quien ha revelado tambi\u00e9n que su departamento trabaja con Hacienda e Industria para <strong>incrementar en 100 millones de euros<\/strong> la compensaci\u00f3n de los costes del CO2 para los sectores industriales.<\/p>\n<p>Adem\u00e1s, ha asegurado que \u00abnos preocupa enormemente la evoluci\u00f3n del precio de la electricidad y las previsiones del precio del gas y del CO2 y su <strong>impacto en el recibo de las familias, la industria y las pymes<\/strong>\u00ab.<\/p>\n<p>Ribera ha rechazado trasladar costes de la factura a los Presupuestos Generales del Estado (PGE) <strong>\u00abporque paga el mismo y se sigue beneficiando el mismo\u00bb<\/strong> y defendi\u00f3 el proyecto de ley que har\u00e1 que las tecnolog\u00edas beneficiadas por el incremento de la subida de la luz que provocan los costes del CO2 al no tener que pagarlos tengan que compensarlo.<\/p>\n<p>\u00abEl coste de contaminar ha de pagarlo quien contamina y <strong>no lo deben pagar infaustamente las familias<\/strong> financiando los enormes beneficios que genera la energ\u00eda limpia\u00bb, ha defendido Ribera, quien destac\u00f3 que dicha medida, junto con la puesta en marcha del Fondo Nacional para la Sostenibilidad del Sistema El\u00e9ctrico permitir\u00e1 una rebaja en la factura superior al 15%.<\/p>\n<p>Por \u00faltimo, ha denunciado que \u00abel problema estructural son los combustibles f\u00f3siles, los m\u00e1s caros y los que marcan el precio que se paga por la electricidad\u00bb, a pesar de que su uso ha bajado de m\u00e1s del 25% al 13% desde 2018. \u00abSon los que marcan esos <strong>precios que tanto nos espantan<\/strong> y que caen como una losa sobre las familias y la industria\u00bb, ha concluido.<\/p>\n<p>&#013;<br \/>\nSource: Bolsamania.com<\/p>\n","protected":false},"excerpt":{"rendered":"<p>De esta manera, Ribera abre la puerta a una medida como fue la suspensi\u00f3n durante varios meses entre 2018 y&#8230;<\/p>\n","protected":false},"author":3,"featured_media":0,"comment_status":"open","ping_status":"closed","sticky":false,"template":"","format":"standard","meta":[],"categories":[104],"tags":[99],"_links":{"self":[{"href":"https:\/\/tuavaluo.com\/avaluo\/wp-json\/wp\/v2\/posts\/38060"}],"collection":[{"href":"https:\/\/tuavaluo.com\/avaluo\/wp-json\/wp\/v2\/posts"}],"about":[{"href":"https:\/\/tuavaluo.com\/avaluo\/wp-json\/wp\/v2\/types\/post"}],"author":[{"embeddable":true,"href":"https:\/\/tuavaluo.com\/avaluo\/wp-json\/wp\/v2\/users\/3"}],"replies":[{"embeddable":true,"href":"https:\/\/tuavaluo.com\/avaluo\/wp-json\/wp\/v2\/comments?post=38060"}],"version-history":[{"count":0,"href":"https:\/\/tuavaluo.com\/avaluo\/wp-json\/wp\/v2\/posts\/38060\/revisions"}],"wp:attachment":[{"href":"https:\/\/tuavaluo.com\/avaluo\/wp-json\/wp\/v2\/media?parent=38060"}],"wp:term":[{"taxonomy":"category","embeddable":true,"href":"https:\/\/tuavaluo.com\/avaluo\/wp-json\/wp\/v2\/categories?post=38060"},{"taxonomy":"post_tag","embeddable":true,"href":"https:\/\/tuavaluo.com\/avaluo\/wp-json\/wp\/v2\/tags?post=38060"}],"curies":[{"name":"wp","href":"https:\/\/api.w.org\/{rel}","templated":true}]}}