{"id":38340,"date":"2021-06-21T15:16:33","date_gmt":"2021-06-21T15:16:33","guid":{"rendered":"https:\/\/tuavaluo.com\/avaluo\/2021\/06\/21\/la-crisis-de-chips-frena-la-fabricacion-de-coches-en-espana-esta-semana\/"},"modified":"2021-06-21T15:16:33","modified_gmt":"2021-06-21T15:16:33","slug":"la-crisis-de-chips-frena-la-fabricacion-de-coches-en-espana-esta-semana","status":"publish","type":"post","link":"https:\/\/tuavaluo.com\/avaluo\/2021\/06\/21\/la-crisis-de-chips-frena-la-fabricacion-de-coches-en-espana-esta-semana\/","title":{"rendered":"La crisis de chips frena la fabricaci\u00f3n de coches en Espa\u00f1a esta semana"},"content":{"rendered":"<div class=\"read-more-links\">\n<h5>Noticia relacionada<\/h5>\n<p><a class=\"readMore\" href=\"https:\/\/www.bolsamania.com\/noticias\/tecnologia\/asi-afecta-crisis-chips-tecnologia--7919520.html\" rel=\"noopener noreferrer\" target=\"_blank\" data-id=\"7919520\" rel=\"nofollow\" ><\/p>\n<figure><img class=\"lazy\" title=\"Leer m&#xE1;s\" data-original=\"https:\/\/img5.s3wfg.com\/web\/img\/images_uploaded\/a\/d\/ep_economiaempresas-_mediamarkt_iberiaaliaebayvenderproductosla_plataforma_de_ecommerce_285x185.jpg\" data-src=\"https:\/\/img5.s3wfg.com\/web\/img\/images_uploaded\/a\/d\/ep_economiaempresas-_mediamarkt_iberiaaliaebayvenderproductosla_plataforma_de_ecommerce_285x185.jpg\" \/><\/figure>\n<p>As\u00ed afecta la crisis de los chips a la tecnolog\u00eda, que deja de ser smart <\/a><\/div>\n<p>Seg\u00fan han comentado fuentes de la compa\u00f1\u00eda a la agencia <strong>Efe<\/strong>, no descartan ajustes adicionales en la planta barcelonesa, que fabricar\u00e1 a medio gas los pr\u00f3ximos mi\u00e9rcoles y jueves al ser jornadas festivas.<\/p>\n<p>Seat no es la \u00fanica fabricante afectada por la sequ\u00eda de semiconductores en nuestro pa\u00eds. <strong>Volkswagen<\/strong> <strong>Navarra<\/strong> tambi\u00e9n parar\u00e1 su producci\u00f3n tanto el lunes como el martes, adem\u00e1s de haber programado el cierre de la planta para el d\u00eda 25 de este mes.<\/p>\n<p><strong>Mercedes-Benz,<\/strong> en Vitoria, parar\u00e1 tres turnos de producci\u00f3n desde el lunes hasta el pr\u00f3ximo viernes y, entre \u00abalta incertidumbre\u00bb, espera recobrar la normalidad el lunes 28. El pasado 25 de mayo, <strong>esta planta ya se vio lastrada por la falta de otro componente para sus coches: cables. <\/strong><\/p>\n<p><strong>Ford<\/strong>, en Almussafes, ha recobrado su producci\u00f3n desde el pasado mi\u00e9rcoles despu\u00e9s de verse sometida a siete d\u00edas seguidos de par\u00f3n. <strong>Renault<\/strong> tiene en marcha un ERTE tanto en sus plantas de Valladolid como en la de Palencia por la falta de estos semiconductores.<\/p>\n<p>&#013;<br \/>\nSource: Bolsamania.com<\/p>\n","protected":false},"excerpt":{"rendered":"<p>Noticia relacionada As\u00ed afecta la crisis de los chips a la tecnolog\u00eda, que deja de ser smart Seg\u00fan han comentado&#8230;<\/p>\n","protected":false},"author":3,"featured_media":38341,"comment_status":"open","ping_status":"closed","sticky":false,"template":"","format":"standard","meta":[],"categories":[104],"tags":[99],"_links":{"self":[{"href":"https:\/\/tuavaluo.com\/avaluo\/wp-json\/wp\/v2\/posts\/38340"}],"collection":[{"href":"https:\/\/tuavaluo.com\/avaluo\/wp-json\/wp\/v2\/posts"}],"about":[{"href":"https:\/\/tuavaluo.com\/avaluo\/wp-json\/wp\/v2\/types\/post"}],"author":[{"embeddable":true,"href":"https:\/\/tuavaluo.com\/avaluo\/wp-json\/wp\/v2\/users\/3"}],"replies":[{"embeddable":true,"href":"https:\/\/tuavaluo.com\/avaluo\/wp-json\/wp\/v2\/comments?post=38340"}],"version-history":[{"count":0,"href":"https:\/\/tuavaluo.com\/avaluo\/wp-json\/wp\/v2\/posts\/38340\/revisions"}],"wp:featuredmedia":[{"embeddable":true,"href":"https:\/\/tuavaluo.com\/avaluo\/wp-json\/wp\/v2\/media\/38341"}],"wp:attachment":[{"href":"https:\/\/tuavaluo.com\/avaluo\/wp-json\/wp\/v2\/media?parent=38340"}],"wp:term":[{"taxonomy":"category","embeddable":true,"href":"https:\/\/tuavaluo.com\/avaluo\/wp-json\/wp\/v2\/categories?post=38340"},{"taxonomy":"post_tag","embeddable":true,"href":"https:\/\/tuavaluo.com\/avaluo\/wp-json\/wp\/v2\/tags?post=38340"}],"curies":[{"name":"wp","href":"https:\/\/api.w.org\/{rel}","templated":true}]}}