{"id":38527,"date":"2021-06-23T17:12:56","date_gmt":"2021-06-23T17:12:56","guid":{"rendered":"https:\/\/tuavaluo.com\/avaluo\/2021\/06\/23\/mazda-obligada-a-detener-su-produccion-en-una-fabrica-japonesa-por-falta-de-chips\/"},"modified":"2021-06-23T17:12:56","modified_gmt":"2021-06-23T17:12:56","slug":"mazda-obligada-a-detener-su-produccion-en-una-fabrica-japonesa-por-falta-de-chips","status":"publish","type":"post","link":"https:\/\/tuavaluo.com\/avaluo\/2021\/06\/23\/mazda-obligada-a-detener-su-produccion-en-una-fabrica-japonesa-por-falta-de-chips\/","title":{"rendered":"Mazda, obligada a detener su producci\u00f3n en una f\u00e1brica japonesa por falta de chips"},"content":{"rendered":"<p>En concreto, la marca nipona ha informado de que sus instalaciones de Hofu, localizadas en Yamaguchi (Jap\u00f3n),<strong> parar\u00e1n su actividad de fabricaci\u00f3n durante varias jornadas en el pr\u00f3ximo mes de julio<\/strong>.<\/p>\n<div class=\"read-more-links\">\n<h5>Noticia relacionada<\/h5>\n<p><a class=\"readMore\" href=\"https:\/\/www.bolsamania.com\/noticias\/motor\/crisis-chips-frena-fabricacion-coches-espana-semana--8001618.html\" rel=\"noopener noreferrer\" target=\"_blank\" data-id=\"8001618\" rel=\"nofollow\" ><\/p>\n<figure><img class=\"lazy\" title=\"Leer m&#xE1;s\" data-original=\"https:\/\/img5.s3wfg.com\/web\/img\/images_uploaded\/e\/5\/ep_archivo_-_fabrica_de_seat_285x185.jpg\" data-src=\"https:\/\/img5.s3wfg.com\/web\/img\/images_uploaded\/e\/5\/ep_archivo_-_fabrica_de_seat_285x185.jpg\" \/><\/figure>\n<p>La crisis de chips frena la fabricaci\u00f3n de coches en Espa\u00f1a esta semana <\/a><\/div>\n<p>De esta manera, la f\u00e1brica permanecer\u00e1 cerrada un total de diez d\u00edas. As\u00ed, se detendr\u00e1n las operaciones all\u00ed <strong>del 5 al 9 de julio, adem\u00e1s de los d\u00edas comprendidos entre el 12 y el 16 de julio<\/strong>. La compa\u00f1\u00eda ha pedido disculpas a sus clientes y a todas las dem\u00e1s partes interesadas por las molestias y preocupaciones que causar\u00e1 este ajuste de producci\u00f3n.<\/p>\n<p>\u00abHaremos todo lo posible para<strong> minimizar el impacto en las ventas, los servicios y los socios comerciales<\/strong> que cooperan con nosotros en este asunto\u00bb, ha sentenciado la empresa en un escueto comunicado.<\/p>\n<p>&#013;<br \/>\nSource: Bolsamania.com<\/p>\n","protected":false},"excerpt":{"rendered":"<p>En concreto, la marca nipona ha informado de que sus instalaciones de Hofu, localizadas en Yamaguchi (Jap\u00f3n), parar\u00e1n su actividad&#8230;<\/p>\n","protected":false},"author":3,"featured_media":38528,"comment_status":"open","ping_status":"closed","sticky":false,"template":"","format":"standard","meta":[],"categories":[104],"tags":[99],"_links":{"self":[{"href":"https:\/\/tuavaluo.com\/avaluo\/wp-json\/wp\/v2\/posts\/38527"}],"collection":[{"href":"https:\/\/tuavaluo.com\/avaluo\/wp-json\/wp\/v2\/posts"}],"about":[{"href":"https:\/\/tuavaluo.com\/avaluo\/wp-json\/wp\/v2\/types\/post"}],"author":[{"embeddable":true,"href":"https:\/\/tuavaluo.com\/avaluo\/wp-json\/wp\/v2\/users\/3"}],"replies":[{"embeddable":true,"href":"https:\/\/tuavaluo.com\/avaluo\/wp-json\/wp\/v2\/comments?post=38527"}],"version-history":[{"count":0,"href":"https:\/\/tuavaluo.com\/avaluo\/wp-json\/wp\/v2\/posts\/38527\/revisions"}],"wp:featuredmedia":[{"embeddable":true,"href":"https:\/\/tuavaluo.com\/avaluo\/wp-json\/wp\/v2\/media\/38528"}],"wp:attachment":[{"href":"https:\/\/tuavaluo.com\/avaluo\/wp-json\/wp\/v2\/media?parent=38527"}],"wp:term":[{"taxonomy":"category","embeddable":true,"href":"https:\/\/tuavaluo.com\/avaluo\/wp-json\/wp\/v2\/categories?post=38527"},{"taxonomy":"post_tag","embeddable":true,"href":"https:\/\/tuavaluo.com\/avaluo\/wp-json\/wp\/v2\/tags?post=38527"}],"curies":[{"name":"wp","href":"https:\/\/api.w.org\/{rel}","templated":true}]}}