{"id":38749,"date":"2021-06-28T12:57:49","date_gmt":"2021-06-28T12:57:49","guid":{"rendered":"https:\/\/tuavaluo.com\/avaluo\/2021\/06\/28\/el-supremo-rechaza-suspender-de-forma-cautelar-los-indultos-a-los-presos-del-proces\/"},"modified":"2021-06-28T12:57:49","modified_gmt":"2021-06-28T12:57:49","slug":"el-supremo-rechaza-suspender-de-forma-cautelar-los-indultos-a-los-presos-del-proces","status":"publish","type":"post","link":"https:\/\/tuavaluo.com\/avaluo\/2021\/06\/28\/el-supremo-rechaza-suspender-de-forma-cautelar-los-indultos-a-los-presos-del-proces\/","title":{"rendered":"El Supremo rechaza suspender de forma cautelar los indultos a los presos del &#039;proc\u00e9s&#039;"},"content":{"rendered":"<div class=\"read-more-links\">\n<h5>Noticia relacionada<\/h5>\n<p><a class=\"readMore\" href=\"https:\/\/www.bolsamania.com\/noticias\/politica\/vox-ciudadanos-recurren-indultos-presos-proces--8010962.html\" rel=\"noopener noreferrer\" target=\"_blank\" data-id=\"8010962\" rel=\"nofollow\" ><\/p>\n<figure><img class=\"lazy\" title=\"Leer m&#xE1;s\" data-original=\"https:\/\/img5.s3wfg.com\/web\/img\/images_uploaded\/d\/7\/ep_el_presidente_de_vox_santiago_abascal_en_rueda_de_prensa_en_el_congreso_de_los_diputados_el_285x185.jpg\" data-src=\"https:\/\/img5.s3wfg.com\/web\/img\/images_uploaded\/d\/7\/ep_el_presidente_de_vox_santiago_abascal_en_rueda_de_prensa_en_el_congreso_de_los_diputados_el_285x185.jpg\" \/><\/figure>\n<p>Vox y Ciudadanos presentan recursos contra los indultos a los presos del &#8216;proc\u00e9s&#8217; <\/a><\/div>\n<p>El Alto Tribunal argumenta que <strong>no hay premura justificada para conceder la &#8216;cautelar\u00edsima&#8217; sin escuchar a la Abogac\u00eda del Estado<\/strong>. \u00abDicho planteamiento no parece tomar debidamente en consideraci\u00f3n que estamos en presencia del <strong>derecho fundamental a la libertad<\/strong> de toda persona, reconocido y garantizado en el art\u00edculo 17 de la Constituci\u00f3n\u00bb, ha indicado en el auto.<\/p>\n<p>Los magistrados dan <strong>un plazo de cinco d\u00edas<\/strong> para que la representaci\u00f3n del Gobierno pronuncie al respecto de la suspensi\u00f3n que solicitan desde el partido naranja.<\/p>\n<p>Este 24 de junio, Edmundo Bal, portavoz de Ciudadanos, explicaba a los medios las bases sobre las que se sustentaba el recurso presentado por In\u00e9s Arrimadas y otros dirigentes catalanes de su formaci\u00f3n. Se amparaban en que tanto la l\u00edder como otros pol\u00edticos <strong>resultaron perjudicados por las acciones que llev\u00f3 a cabo el Govern<\/strong> de la Generalitat durante el &#8216;proc\u00e9s&#8217;.<\/p>\n<p>&#013;<br \/>\nSource: Bolsamania.com<\/p>\n","protected":false},"excerpt":{"rendered":"<p>Noticia relacionada Vox y Ciudadanos presentan recursos contra los indultos a los presos del &#8216;proc\u00e9s&#8217; El Alto Tribunal argumenta que&#8230;<\/p>\n","protected":false},"author":3,"featured_media":38750,"comment_status":"open","ping_status":"closed","sticky":false,"template":"","format":"standard","meta":[],"categories":[104],"tags":[99],"_links":{"self":[{"href":"https:\/\/tuavaluo.com\/avaluo\/wp-json\/wp\/v2\/posts\/38749"}],"collection":[{"href":"https:\/\/tuavaluo.com\/avaluo\/wp-json\/wp\/v2\/posts"}],"about":[{"href":"https:\/\/tuavaluo.com\/avaluo\/wp-json\/wp\/v2\/types\/post"}],"author":[{"embeddable":true,"href":"https:\/\/tuavaluo.com\/avaluo\/wp-json\/wp\/v2\/users\/3"}],"replies":[{"embeddable":true,"href":"https:\/\/tuavaluo.com\/avaluo\/wp-json\/wp\/v2\/comments?post=38749"}],"version-history":[{"count":0,"href":"https:\/\/tuavaluo.com\/avaluo\/wp-json\/wp\/v2\/posts\/38749\/revisions"}],"wp:featuredmedia":[{"embeddable":true,"href":"https:\/\/tuavaluo.com\/avaluo\/wp-json\/wp\/v2\/media\/38750"}],"wp:attachment":[{"href":"https:\/\/tuavaluo.com\/avaluo\/wp-json\/wp\/v2\/media?parent=38749"}],"wp:term":[{"taxonomy":"category","embeddable":true,"href":"https:\/\/tuavaluo.com\/avaluo\/wp-json\/wp\/v2\/categories?post=38749"},{"taxonomy":"post_tag","embeddable":true,"href":"https:\/\/tuavaluo.com\/avaluo\/wp-json\/wp\/v2\/tags?post=38749"}],"curies":[{"name":"wp","href":"https:\/\/api.w.org\/{rel}","templated":true}]}}