{"id":39443,"date":"2021-07-09T06:12:37","date_gmt":"2021-07-09T06:12:37","guid":{"rendered":"https:\/\/tuavaluo.com\/avaluo\/2021\/07\/09\/cellnex-cierra-la-adquisicion-de-polkomtel-infrastruktura\/"},"modified":"2021-07-09T06:12:37","modified_gmt":"2021-07-09T06:12:37","slug":"cellnex-cierra-la-adquisicion-de-polkomtel-infrastruktura","status":"publish","type":"post","link":"https:\/\/tuavaluo.com\/avaluo\/2021\/07\/09\/cellnex-cierra-la-adquisicion-de-polkomtel-infrastruktura\/","title":{"rendered":"Cellnex cierra la adquisici\u00f3n de Polkomtel Infrastruktura"},"content":{"rendered":"<p>Polkomtel opera el conjunto de infraestructuras pasivas (c.7.000 torres y emplazamientos de telecomunicaciones) e infraestructuras activas (c.37.000 portadoras de radio que dan cobertura a todas las bandas utilizadas por el 2G, 3G, 4G y 5G, una red troncal de 11.300 km de fibra \u2013backbone\u2013 y fibra a la torre \u2013backhaul\u2013 y una red nacional de radioenlaces por microondas).<\/p>\n<p>El acuerdo supone para Cellnex una inversi\u00f3n de c. 1.600 millones de euros acompa\u00f1ada de un programa de despliegue adicional de hasta c.1.500 emplazamientos, as\u00ed como inversiones en equipamiento activo mayormente destinado al despliegue del 5G, por otros c.600 millones de euros en los pr\u00f3ximos 9 a\u00f1os. La operaci\u00f3n ha sido financiada con caja disponible.<\/p>\n<p>obias Martinez, Consejero Delegado de Cellnex, ha subrayado que \u201ccelebramos la colaboraci\u00f3n estrat\u00e9gica a largo plazo con uno de los actores m\u00e1s importantes del mercado polaco de las telecomunicaciones, as\u00ed como la relevancia y el valor estrat\u00e9gico de un acuerdo del cual destacar\u00eda una doble componente. En primer lugar la r\u00e1pida consolidaci\u00f3n y refuerzo de Cellnex en Polonia mediante una operaci\u00f3n que se suma a la reciente adquisici\u00f3n de las torres y emplazamientos de Play. En segundo lugar la apuesta por la evoluci\u00f3n del tradicional modelo de operador de torres hacia un modelo de gestor integral de infraestructuras de telecomunicaciones, combinando la operaci\u00f3n de los elementos pasivos \u2013las torres\u2013 y de los elementos activos \u2013p.ej. los equipos de transmisi\u00f3n, los radioenlaces o la fibra a la torre\u00bb.<\/p>\n<p>El EBITDA adicional \u2013bajo la norma IFRS16 y una vez completado el despliegue de los nuevos emplazamientos\u2013 se estima que alcance los c.330 millones de euros, mientras que en el caso del flujo de caja (RLFCFC) la estimaci\u00f3n es de c.150 millones.<\/p>\n<p>Cellnex y Cyfrowy Polsat han acordado un contrato de prestaci\u00f3n de servicios por 25 a\u00f1os con ulteriores renovaciones por per\u00edodos de 15 a\u00f1os.<\/p>\n<p>&#013;<br \/>\nSource: Bolsamania.com<\/p>\n","protected":false},"excerpt":{"rendered":"<p>Polkomtel opera el conjunto de infraestructuras pasivas (c.7.000 torres y emplazamientos de telecomunicaciones) e infraestructuras activas (c.37.000 portadoras de radio&#8230;<\/p>\n","protected":false},"author":3,"featured_media":0,"comment_status":"open","ping_status":"closed","sticky":false,"template":"","format":"standard","meta":[],"categories":[104],"tags":[99],"_links":{"self":[{"href":"https:\/\/tuavaluo.com\/avaluo\/wp-json\/wp\/v2\/posts\/39443"}],"collection":[{"href":"https:\/\/tuavaluo.com\/avaluo\/wp-json\/wp\/v2\/posts"}],"about":[{"href":"https:\/\/tuavaluo.com\/avaluo\/wp-json\/wp\/v2\/types\/post"}],"author":[{"embeddable":true,"href":"https:\/\/tuavaluo.com\/avaluo\/wp-json\/wp\/v2\/users\/3"}],"replies":[{"embeddable":true,"href":"https:\/\/tuavaluo.com\/avaluo\/wp-json\/wp\/v2\/comments?post=39443"}],"version-history":[{"count":0,"href":"https:\/\/tuavaluo.com\/avaluo\/wp-json\/wp\/v2\/posts\/39443\/revisions"}],"wp:attachment":[{"href":"https:\/\/tuavaluo.com\/avaluo\/wp-json\/wp\/v2\/media?parent=39443"}],"wp:term":[{"taxonomy":"category","embeddable":true,"href":"https:\/\/tuavaluo.com\/avaluo\/wp-json\/wp\/v2\/categories?post=39443"},{"taxonomy":"post_tag","embeddable":true,"href":"https:\/\/tuavaluo.com\/avaluo\/wp-json\/wp\/v2\/tags?post=39443"}],"curies":[{"name":"wp","href":"https:\/\/api.w.org\/{rel}","templated":true}]}}